{"id":502,"global_id":"haldenfrikirke.no?id=502","global_id_lineage":["haldenfrikirke.no?id=502"],"author":"1","status":"publish","date":"2015-07-15 11:35:34","date_utc":"2015-07-15 11:35:34","modified":"2015-07-15 11:35:34","modified_utc":"2015-07-15 11:35:34","url":"https:\/\/haldenfrikirke.no\/?tribe_events=menighetsweekend","rest_url":"https:\/\/haldenfrikirke.no\/index.php?rest_route=\/tribe\/events\/v1\/events\/502","title":"Menighetsweekend","description":"<p>P\u00e5 menighetsweekend blir det opplegg b\u00e5de for liten og for stor. Til familiegudstjenesten p\u00e5 s\u00f8ndag f\u00e5r vi bes\u00f8k av synodeformann Jarle Skullerud som skal tale for oss.<\/p>\n<p>Sett av helga og meld deg p\u00e5 til <a href=\"wlmailhtml:{B35DAB97-933D-4B02-945D-200029DF64D9}mid:\/\/00000161\/!x-usc:mailto:halden@frikirken.no\"><u><span style=\"color: #0066cc;\">halden@frikirken.no<\/span><\/u><\/a>.<\/p>","excerpt":"","slug":"menighetsweekend","image":false,"all_day":true,"start_date":"2015-09-11 00:00:00","start_date_details":{"year":"2015","month":"09","day":"11","hour":"00","minutes":"00","seconds":"00"},"end_date":"2015-09-13 23:59:59","end_date_details":{"year":"2015","month":"09","day":"13","hour":"23","minutes":"59","seconds":"59"},"utc_start_date":null,"utc_start_date_details":{"year":"1970","month":"01","day":"01","hour":"00","minutes":"00","seconds":"00"},"utc_end_date":null,"utc_end_date_details":{"year":"1970","month":"01","day":"01","hour":"00","minutes":"00","seconds":"00"},"timezone":"","timezone_abbr":"","cost":"","cost_details":{"currency_symbol":"","currency_code":"","currency_position":"prefix","values":[]},"website":"","show_map":true,"show_map_link":true,"hide_from_listings":false,"sticky":false,"featured":false,"categories":[{"name":"Menighetsweekend","slug":"menighetsweekend","term_group":0,"term_taxonomy_id":7,"taxonomy":"tribe_events_cat","description":"","parent":0,"count":3,"filter":"raw","id":7,"urls":{"self":"https:\/\/haldenfrikirke.no\/index.php?rest_route=\/tribe\/events\/v1\/categories\/7","collection":"https:\/\/haldenfrikirke.no\/index.php?rest_route=\/tribe\/events\/v1\/categories"}}],"tags":[],"venue":{"id":328,"author":"1","status":"publish","date":"2015-01-06 13:27:27","date_utc":"2015-01-06 13:27:27","modified":"2015-01-06 13:29:48","modified_utc":"2015-01-06 13:29:48","url":"https:\/\/haldenfrikirke.no\/?tribe_venue=ytterbol-senter-for-misjon-og-menighet","venue":"Ytterb\u00f8l Senter for misjon og menighet","slug":"ytterbol-senter-for-misjon-og-menighet","website":"www.ytterbol.no","json_ld":{"@type":"Place","name":"Ytterb\u00f8l Senter for misjon og menighet","description":"","url":"","address":{"@type":"PostalAddress"},"telephone":"","sameAs":"www.ytterbol.no"},"show_map":true,"show_map_link":true,"global_id":"haldenfrikirke.no?id=328","global_id_lineage":["haldenfrikirke.no?id=328"]},"organizer":[{"id":302,"author":"1","status":"publish","date":"2015-01-02 21:44:30","date_utc":"2015-01-02 21:44:30","modified":"2015-01-02 21:44:30","modified_utc":"2015-01-02 21:44:30","url":"https:\/\/haldenfrikirke.no\/?tribe_organizer=halden-frikirke","organizer":"Halden Frikirke","slug":"halden-frikirke","json_ld":{"@type":"Person","name":"Halden Frikirke","description":"","url":"","telephone":"","email":"","sameAs":""},"global_id":"haldenfrikirke.no?id=302","global_id_lineage":["haldenfrikirke.no?id=302"]}],"json_ld":{"@context":"http:\/\/schema.org","@type":"Event","name":"Menighetsweekend","description":"&lt;p&gt;P\u00e5 menighetsweekend blir det opplegg b\u00e5de for liten og for stor. Til familiegudstjenesten p\u00e5 s\u00f8ndag f\u00e5r vi bes\u00f8k av synodeformann Jarle Skullerud som skal tale for oss. Sett av helga &hellip; &lt;a href=&quot;https:\/\/haldenfrikirke.no\/?tribe_events=menighetsweekend&quot; class=&quot;more-link&quot;&gt;Fortsett \u00e5 lese &lt;span class=&quot;screen-reader-text&quot;&gt;Menighetsweekend&lt;\/span&gt; &lt;span class=&quot;meta-nav&quot;&gt;&rarr;&lt;\/span&gt;&lt;\/a&gt;&lt;\/p&gt;\\n","url":"https:\/\/haldenfrikirke.no\/?tribe_events=menighetsweekend","eventAttendanceMode":"https:\/\/schema.org\/OfflineEventAttendanceMode","startDate":"2015-09-11T00:00:00+00:00","endDate":"2015-09-13T23:59:59+00:00","location":{"@type":"Place","name":"Ytterb\u00f8l Senter for misjon og menighet","description":"","url":"","address":{"@type":"PostalAddress"},"telephone":"","sameAs":"www.ytterbol.no"},"organizer":{"@type":"Person","name":"Halden Frikirke","description":"","url":"","telephone":"","email":"","sameAs":""},"performer":"Organization"}}