{"id":1611,"date":"2017-06-13T09:02:27","date_gmt":"2017-06-13T09:02:27","guid":{"rendered":"http:\/\/haldenfrikirke.no\/?p=1611"},"modified":"2017-06-13T09:02:27","modified_gmt":"2017-06-13T09:02:27","slug":"sommerens-fllesgudstjenester","status":"publish","type":"post","link":"https:\/\/haldenfrikirke.no\/?p=1611","title":{"rendered":"SOMMERENS FLLESGUDSTJENESTER"},"content":{"rendered":"<p>S\u00f8ndag 18. juni kl.12.00: Gudstjeneste i Metodistkirken.<br \/>\nHilde Tveter taler. Nattverd.<\/p>\n<p>S\u00f8ndag 25. juni 11.00: Gudstjeneste p\u00e5 Torget.<\/p>\n<p>S\u00f8ndag 2. juli 11.00: Gudstjeneste i Frikirken.<br \/>\nAtle Eidem taler.<\/p>\n<p>S\u00f8ndag 9. juli 11.00: Gudstjeneste i Betel.<br \/>\nSimon Papworth taler.<\/p>\n<p>S\u00f8ndag 16. juli 11.00: Gudstjeneste i Tabernaklet.<br \/>\nBj\u00f8rn Olsen taler.<\/p>\n<p>S\u00f8ndag 23. juli 11.00: Gudstjeneste i Betel.<br \/>\nRoy Johansen taler og synger.<\/p>\n<p>S\u00f8ndag 30.juli 11.00: Gudstjeneste i Frikirken.<br \/>\nSvein Langbr\u00e5ten taler. Nattverd.<\/p>\n<p>S\u00f8ndag 6. august 11.00: Gudstjeneste i Tabernaklet.<br \/>\nJacob Breda Antonsen taler.<br \/>\nSang av familien Ozolini fra Latvia.<\/p>\n<p>S\u00f8ndag 13. august 11.00: Gudstjeneste i Metodistkirken.<br \/>\nBj\u00f8rnar Adolfsen taler.<\/p>\n<p>&nbsp;<\/p>\n","protected":false},"excerpt":{"rendered":"<p>S\u00f8ndag 18. juni kl.12.00: Gudstjeneste i Metodistkirken. Hilde Tveter taler. Nattverd. S\u00f8ndag 25. juni 11.00: Gudstjeneste p\u00e5 Torget. S\u00f8ndag 2. juli 11.00: Gudstjeneste i Frikirken. Atle Eidem taler. S\u00f8ndag 9. &hellip; <a href=\"https:\/\/haldenfrikirke.no\/?p=1611\" class=\"more-link\">Fortsett \u00e5 lese <span class=\"screen-reader-text\">SOMMERENS FLLESGUDSTJENESTER<\/span> <span class=\"meta-nav\">&rarr;<\/span><\/a><\/p>\n","protected":false},"author":1,"featured_media":0,"comment_status":"closed","ping_status":"closed","sticky":false,"template":"","format":"standard","meta":[],"categories":[1],"tags":[],"_links":{"self":[{"href":"https:\/\/haldenfrikirke.no\/index.php?rest_route=\/wp\/v2\/posts\/1611"}],"collection":[{"href":"https:\/\/haldenfrikirke.no\/index.php?rest_route=\/wp\/v2\/posts"}],"about":[{"href":"https:\/\/haldenfrikirke.no\/index.php?rest_route=\/wp\/v2\/types\/post"}],"author":[{"embeddable":true,"href":"https:\/\/haldenfrikirke.no\/index.php?rest_route=\/wp\/v2\/users\/1"}],"replies":[{"embeddable":true,"href":"https:\/\/haldenfrikirke.no\/index.php?rest_route=%2Fwp%2Fv2%2Fcomments&post=1611"}],"version-history":[{"count":6,"href":"https:\/\/haldenfrikirke.no\/index.php?rest_route=\/wp\/v2\/posts\/1611\/revisions"}],"predecessor-version":[{"id":1617,"href":"https:\/\/haldenfrikirke.no\/index.php?rest_route=\/wp\/v2\/posts\/1611\/revisions\/1617"}],"wp:attachment":[{"href":"https:\/\/haldenfrikirke.no\/index.php?rest_route=%2Fwp%2Fv2%2Fmedia&parent=1611"}],"wp:term":[{"taxonomy":"category","embeddable":true,"href":"https:\/\/haldenfrikirke.no\/index.php?rest_route=%2Fwp%2Fv2%2Fcategories&post=1611"},{"taxonomy":"post_tag","embeddable":true,"href":"https:\/\/haldenfrikirke.no\/index.php?rest_route=%2Fwp%2Fv2%2Ftags&post=1611"}],"curies":[{"name":"wp","href":"https:\/\/api.w.org\/{rel}","templated":true}]}}