{"id":1649,"date":"2017-09-04T08:38:55","date_gmt":"2017-09-04T08:38:55","guid":{"rendered":"http:\/\/haldenfrikirke.no\/?p=1649"},"modified":"2017-09-04T08:48:47","modified_gmt":"2017-09-04T08:48:47","slug":"motepunkt-sondag-10-september-17-00","status":"publish","type":"post","link":"https:\/\/haldenfrikirke.no\/?p=1649","title":{"rendered":"M\u00d8TEPUNKT S\u00d8NDAG 10.SEPTEMBER 17.00!"},"content":{"rendered":"<p><img loading=\"lazy\" class=\"alignleft size-full wp-image-1255\" src=\"http:\/\/haldenfrikirke.no\/wp-content\/uploads\/2016\/10\/Lone-B.-Falch.png\" alt=\"\" width=\"212\" height=\"238\" \/>S\u00f8ndag 10. september er det klart for h\u00f8stens f\u00f8rste M\u00f8tepunkt.<br \/>\nEn gudstjeneste der m\u00e5lgruppen er ungdom og unge voksne, men der alle er hjertelig velkommen.<br \/>\nVi starter\u00a017.00 med kaffe og mingling, og selve gudstjenesten begynner 17.15.<br \/>\nLone Bjerke Falch er dagens taler, og Halden Soul Teens synger og leder i lovsang.<br \/>\nS\u00f8ndagsskolen er \u00e5pen for barn fra 3 \u00e5r og oppover.<br \/>\nEtter gudstjenesten blir det salg av varme p\u00f8lser. Velkommen!<img loading=\"lazy\" class=\"alignleft size-medium wp-image-359\" src=\"http:\/\/haldenfrikirke.no\/wp-content\/uploads\/2013\/11\/S\u00f8ndagsskole-212x300.jpg\" alt=\"Tre bilder fra s\u00f8ndagsskolen. Foto.\" width=\"212\" height=\"300\" srcset=\"https:\/\/haldenfrikirke.no\/wp-content\/uploads\/2013\/11\/S\u00f8ndagsskole-212x300.jpg 212w, https:\/\/haldenfrikirke.no\/wp-content\/uploads\/2013\/11\/S\u00f8ndagsskole-724x1024.jpg 724w\" sizes=\"(max-width: 212px) 100vw, 212px\" \/><\/p>\n","protected":false},"excerpt":{"rendered":"<p>S\u00f8ndag 10. september er det klart for h\u00f8stens f\u00f8rste M\u00f8tepunkt. En gudstjeneste der m\u00e5lgruppen er ungdom og unge voksne, men der alle er hjertelig velkommen. Vi starter\u00a017.00 med kaffe og &hellip; <a href=\"https:\/\/haldenfrikirke.no\/?p=1649\" class=\"more-link\">Fortsett \u00e5 lese <span class=\"screen-reader-text\">M\u00d8TEPUNKT S\u00d8NDAG 10.SEPTEMBER 17.00!<\/span> <span class=\"meta-nav\">&rarr;<\/span><\/a><\/p>\n","protected":false},"author":1,"featured_media":0,"comment_status":"closed","ping_status":"closed","sticky":false,"template":"","format":"standard","meta":[],"categories":[1],"tags":[],"_links":{"self":[{"href":"https:\/\/haldenfrikirke.no\/index.php?rest_route=\/wp\/v2\/posts\/1649"}],"collection":[{"href":"https:\/\/haldenfrikirke.no\/index.php?rest_route=\/wp\/v2\/posts"}],"about":[{"href":"https:\/\/haldenfrikirke.no\/index.php?rest_route=\/wp\/v2\/types\/post"}],"author":[{"embeddable":true,"href":"https:\/\/haldenfrikirke.no\/index.php?rest_route=\/wp\/v2\/users\/1"}],"replies":[{"embeddable":true,"href":"https:\/\/haldenfrikirke.no\/index.php?rest_route=%2Fwp%2Fv2%2Fcomments&post=1649"}],"version-history":[{"count":4,"href":"https:\/\/haldenfrikirke.no\/index.php?rest_route=\/wp\/v2\/posts\/1649\/revisions"}],"predecessor-version":[{"id":1653,"href":"https:\/\/haldenfrikirke.no\/index.php?rest_route=\/wp\/v2\/posts\/1649\/revisions\/1653"}],"wp:attachment":[{"href":"https:\/\/haldenfrikirke.no\/index.php?rest_route=%2Fwp%2Fv2%2Fmedia&parent=1649"}],"wp:term":[{"taxonomy":"category","embeddable":true,"href":"https:\/\/haldenfrikirke.no\/index.php?rest_route=%2Fwp%2Fv2%2Fcategories&post=1649"},{"taxonomy":"post_tag","embeddable":true,"href":"https:\/\/haldenfrikirke.no\/index.php?rest_route=%2Fwp%2Fv2%2Ftags&post=1649"}],"curies":[{"name":"wp","href":"https:\/\/api.w.org\/{rel}","templated":true}]}}