{"id":1661,"date":"2017-09-11T08:11:17","date_gmt":"2017-09-11T08:11:17","guid":{"rendered":"http:\/\/haldenfrikirke.no\/?p=1661"},"modified":"2017-09-11T08:11:17","modified_gmt":"2017-09-11T08:11:17","slug":"gudstjeneste-sondag-17-september-11-00","status":"publish","type":"post","link":"https:\/\/haldenfrikirke.no\/?p=1661","title":{"rendered":"GUDSTJENESTE S\u00d8NDAG 17. SEPTEMBER 11.00"},"content":{"rendered":"<p><img loading=\"lazy\" class=\"alignleft\" src=\"http:\/\/frikirken.no\/image\/1x1-Westli-Unni-2012.jpeg?w=650&amp;h=1000\" alt=\"\" width=\"108\" height=\"108\" \/>Velkommen til gudstjeneste s\u00f8ndag kl 11.00.<br \/>\nDagens taler er Unni Westli, menighetsveileder<br \/>\ni Frikirken.<br \/>\nVi skal ogs\u00e5 feire nattverd sammen.<br \/>\nDet er s\u00f8ndagsskole for alle barn fra 3 \u00e5r.<br \/>\nYngre\u00a0 barn er ogs\u00e5 velkommen i f\u00f8lge med en voksen. Etter gudstjenesten er alle velkommen til \u00e5 stanse igjen for en kopp kaffe og prat i kirkestua.<br \/>\n<img loading=\"lazy\" class=\"alignleft size-medium wp-image-359\" src=\"http:\/\/haldenfrikirke.no\/wp-content\/uploads\/2013\/11\/S\u00f8ndagsskole-212x300.jpg\" alt=\"Tre bilder fra s\u00f8ndagsskolen. Foto.\" width=\"212\" height=\"300\" srcset=\"https:\/\/haldenfrikirke.no\/wp-content\/uploads\/2013\/11\/S\u00f8ndagsskole-212x300.jpg 212w, https:\/\/haldenfrikirke.no\/wp-content\/uploads\/2013\/11\/S\u00f8ndagsskole-724x1024.jpg 724w\" sizes=\"(max-width: 212px) 100vw, 212px\" \/><\/p>\n","protected":false},"excerpt":{"rendered":"<p>Velkommen til gudstjeneste s\u00f8ndag kl 11.00. Dagens taler er Unni Westli, menighetsveileder i Frikirken. Vi skal ogs\u00e5 feire nattverd sammen. Det er s\u00f8ndagsskole for alle barn fra 3 \u00e5r. Yngre\u00a0 &hellip; <a href=\"https:\/\/haldenfrikirke.no\/?p=1661\" class=\"more-link\">Fortsett \u00e5 lese <span class=\"screen-reader-text\">GUDSTJENESTE S\u00d8NDAG 17. SEPTEMBER 11.00<\/span> <span class=\"meta-nav\">&rarr;<\/span><\/a><\/p>\n","protected":false},"author":1,"featured_media":0,"comment_status":"closed","ping_status":"closed","sticky":false,"template":"","format":"standard","meta":[],"categories":[1],"tags":[],"_links":{"self":[{"href":"https:\/\/haldenfrikirke.no\/index.php?rest_route=\/wp\/v2\/posts\/1661"}],"collection":[{"href":"https:\/\/haldenfrikirke.no\/index.php?rest_route=\/wp\/v2\/posts"}],"about":[{"href":"https:\/\/haldenfrikirke.no\/index.php?rest_route=\/wp\/v2\/types\/post"}],"author":[{"embeddable":true,"href":"https:\/\/haldenfrikirke.no\/index.php?rest_route=\/wp\/v2\/users\/1"}],"replies":[{"embeddable":true,"href":"https:\/\/haldenfrikirke.no\/index.php?rest_route=%2Fwp%2Fv2%2Fcomments&post=1661"}],"version-history":[{"count":5,"href":"https:\/\/haldenfrikirke.no\/index.php?rest_route=\/wp\/v2\/posts\/1661\/revisions"}],"predecessor-version":[{"id":1666,"href":"https:\/\/haldenfrikirke.no\/index.php?rest_route=\/wp\/v2\/posts\/1661\/revisions\/1666"}],"wp:attachment":[{"href":"https:\/\/haldenfrikirke.no\/index.php?rest_route=%2Fwp%2Fv2%2Fmedia&parent=1661"}],"wp:term":[{"taxonomy":"category","embeddable":true,"href":"https:\/\/haldenfrikirke.no\/index.php?rest_route=%2Fwp%2Fv2%2Fcategories&post=1661"},{"taxonomy":"post_tag","embeddable":true,"href":"https:\/\/haldenfrikirke.no\/index.php?rest_route=%2Fwp%2Fv2%2Ftags&post=1661"}],"curies":[{"name":"wp","href":"https:\/\/api.w.org\/{rel}","templated":true}]}}