{"id":1746,"date":"2017-10-16T07:46:52","date_gmt":"2017-10-16T07:46:52","guid":{"rendered":"http:\/\/haldenfrikirke.no\/?p=1746"},"modified":"2017-10-16T07:46:52","modified_gmt":"2017-10-16T07:46:52","slug":"gudstjeneste-sondag-22-oktober-11-00","status":"publish","type":"post","link":"https:\/\/haldenfrikirke.no\/?p=1746","title":{"rendered":"GUDSTJENESTE S\u00d8NDAG 22.OKTOBER 11.00"},"content":{"rendered":"<p>I s\u00f8ndagens gudstjeneste f\u00e5r vi to bes\u00f8k.<br \/>\nGutta i Totakt&amp;Sang vil st\u00e5 for masse sang og musikk,<br \/>\nog Olaf Alsaker fra organisasjonen \u00c5pne D\u00f8rer er dagens taler. Dette er dagen da vi er p\u00e5 \u00e5 markere st\u00f8tte til forfulgte kristne verden over. Dagens kollekt g\u00e5r til \u00c5pne D\u00f8rer.<br \/>\nDet er s\u00f8ndagsskole for barna, og etter gudstjenesten er alle velkommen til kirkekaffe.<br \/>\n<img loading=\"lazy\" class=\"alignleft size-medium wp-image-1750\" src=\"http:\/\/haldenfrikirke.no\/wp-content\/uploads\/2017\/10\/totaktogsangportrett-300x243.jpg\" alt=\"\" width=\"300\" height=\"243\" srcset=\"https:\/\/haldenfrikirke.no\/wp-content\/uploads\/2017\/10\/totaktogsangportrett-300x243.jpg 300w, https:\/\/haldenfrikirke.no\/wp-content\/uploads\/2017\/10\/totaktogsangportrett.jpg 604w\" sizes=\"(max-width: 300px) 100vw, 300px\" \/><\/p>\n<p>&nbsp;<\/p>\n","protected":false},"excerpt":{"rendered":"<p>I s\u00f8ndagens gudstjeneste f\u00e5r vi to bes\u00f8k. Gutta i Totakt&amp;Sang vil st\u00e5 for masse sang og musikk, og Olaf Alsaker fra organisasjonen \u00c5pne D\u00f8rer er dagens taler. Dette er dagen &hellip; <a href=\"https:\/\/haldenfrikirke.no\/?p=1746\" class=\"more-link\">Fortsett \u00e5 lese <span class=\"screen-reader-text\">GUDSTJENESTE S\u00d8NDAG 22.OKTOBER 11.00<\/span> <span class=\"meta-nav\">&rarr;<\/span><\/a><\/p>\n","protected":false},"author":1,"featured_media":0,"comment_status":"closed","ping_status":"closed","sticky":false,"template":"","format":"standard","meta":[],"categories":[1],"tags":[],"_links":{"self":[{"href":"https:\/\/haldenfrikirke.no\/index.php?rest_route=\/wp\/v2\/posts\/1746"}],"collection":[{"href":"https:\/\/haldenfrikirke.no\/index.php?rest_route=\/wp\/v2\/posts"}],"about":[{"href":"https:\/\/haldenfrikirke.no\/index.php?rest_route=\/wp\/v2\/types\/post"}],"author":[{"embeddable":true,"href":"https:\/\/haldenfrikirke.no\/index.php?rest_route=\/wp\/v2\/users\/1"}],"replies":[{"embeddable":true,"href":"https:\/\/haldenfrikirke.no\/index.php?rest_route=%2Fwp%2Fv2%2Fcomments&post=1746"}],"version-history":[{"count":4,"href":"https:\/\/haldenfrikirke.no\/index.php?rest_route=\/wp\/v2\/posts\/1746\/revisions"}],"predecessor-version":[{"id":1752,"href":"https:\/\/haldenfrikirke.no\/index.php?rest_route=\/wp\/v2\/posts\/1746\/revisions\/1752"}],"wp:attachment":[{"href":"https:\/\/haldenfrikirke.no\/index.php?rest_route=%2Fwp%2Fv2%2Fmedia&parent=1746"}],"wp:term":[{"taxonomy":"category","embeddable":true,"href":"https:\/\/haldenfrikirke.no\/index.php?rest_route=%2Fwp%2Fv2%2Fcategories&post=1746"},{"taxonomy":"post_tag","embeddable":true,"href":"https:\/\/haldenfrikirke.no\/index.php?rest_route=%2Fwp%2Fv2%2Ftags&post=1746"}],"curies":[{"name":"wp","href":"https:\/\/api.w.org\/{rel}","templated":true}]}}