{"id":1765,"date":"2017-10-30T09:44:12","date_gmt":"2017-10-30T09:44:12","guid":{"rendered":"http:\/\/haldenfrikirke.no\/?p=1765"},"modified":"2017-10-30T09:44:12","modified_gmt":"2017-10-30T09:44:12","slug":"gudstjeneste-allehelgensdag-5-november-11-00","status":"publish","type":"post","link":"https:\/\/haldenfrikirke.no\/?p=1765","title":{"rendered":"GUDSTJENESTE ALLEHELGENSDAG 5.NOVEMBER 11.00"},"content":{"rendered":"<p>S\u00f8ndag 5. november markerer vi Allehelgensdag med gudstjeneste i kirken kl. 11.00.<br \/>\nDagens taler er Sverre Nilsen.<br \/>\nS\u00f8ndagsskolen er som vanlig \u00e5pen for alle barn fra 3 \u00e5r og oppover. Yngre barn er velkommen sammen med en voksen.<br \/>\nEtter gudstjenesten er alle velkommen til kaffe, saft og kjeks i kirkekstua.<br \/>\n<img loading=\"lazy\" class=\"alignleft size-medium wp-image-359\" src=\"http:\/\/haldenfrikirke.no\/wp-content\/uploads\/2013\/11\/S\u00f8ndagsskole-212x300.jpg\" alt=\"Tre bilder fra s\u00f8ndagsskolen. Foto.\" width=\"212\" height=\"300\" srcset=\"https:\/\/haldenfrikirke.no\/wp-content\/uploads\/2013\/11\/S\u00f8ndagsskole-212x300.jpg 212w, https:\/\/haldenfrikirke.no\/wp-content\/uploads\/2013\/11\/S\u00f8ndagsskole-724x1024.jpg 724w\" sizes=\"(max-width: 212px) 100vw, 212px\" \/><\/p>\n","protected":false},"excerpt":{"rendered":"<p>S\u00f8ndag 5. november markerer vi Allehelgensdag med gudstjeneste i kirken kl. 11.00. Dagens taler er Sverre Nilsen. S\u00f8ndagsskolen er som vanlig \u00e5pen for alle barn fra 3 \u00e5r og oppover. &hellip; <a href=\"https:\/\/haldenfrikirke.no\/?p=1765\" class=\"more-link\">Fortsett \u00e5 lese <span class=\"screen-reader-text\">GUDSTJENESTE ALLEHELGENSDAG 5.NOVEMBER 11.00<\/span> <span class=\"meta-nav\">&rarr;<\/span><\/a><\/p>\n","protected":false},"author":1,"featured_media":0,"comment_status":"closed","ping_status":"closed","sticky":false,"template":"","format":"standard","meta":[],"categories":[1],"tags":[],"_links":{"self":[{"href":"https:\/\/haldenfrikirke.no\/index.php?rest_route=\/wp\/v2\/posts\/1765"}],"collection":[{"href":"https:\/\/haldenfrikirke.no\/index.php?rest_route=\/wp\/v2\/posts"}],"about":[{"href":"https:\/\/haldenfrikirke.no\/index.php?rest_route=\/wp\/v2\/types\/post"}],"author":[{"embeddable":true,"href":"https:\/\/haldenfrikirke.no\/index.php?rest_route=\/wp\/v2\/users\/1"}],"replies":[{"embeddable":true,"href":"https:\/\/haldenfrikirke.no\/index.php?rest_route=%2Fwp%2Fv2%2Fcomments&post=1765"}],"version-history":[{"count":2,"href":"https:\/\/haldenfrikirke.no\/index.php?rest_route=\/wp\/v2\/posts\/1765\/revisions"}],"predecessor-version":[{"id":1767,"href":"https:\/\/haldenfrikirke.no\/index.php?rest_route=\/wp\/v2\/posts\/1765\/revisions\/1767"}],"wp:attachment":[{"href":"https:\/\/haldenfrikirke.no\/index.php?rest_route=%2Fwp%2Fv2%2Fmedia&parent=1765"}],"wp:term":[{"taxonomy":"category","embeddable":true,"href":"https:\/\/haldenfrikirke.no\/index.php?rest_route=%2Fwp%2Fv2%2Fcategories&post=1765"},{"taxonomy":"post_tag","embeddable":true,"href":"https:\/\/haldenfrikirke.no\/index.php?rest_route=%2Fwp%2Fv2%2Ftags&post=1765"}],"curies":[{"name":"wp","href":"https:\/\/api.w.org\/{rel}","templated":true}]}}