{"id":1821,"date":"2017-12-04T08:29:01","date_gmt":"2017-12-04T08:29:01","guid":{"rendered":"http:\/\/haldenfrikirke.no\/?p=1821"},"modified":"2017-12-04T08:29:01","modified_gmt":"2017-12-04T08:29:01","slug":"familiegudstjeneste-sondag-10-desember-18-00","status":"publish","type":"post","link":"https:\/\/haldenfrikirke.no\/?p=1821","title":{"rendered":"FAMILIEGUDSTJENESTE S\u00d8NDAG 10. DESEMBER 18.00"},"content":{"rendered":"<p>S\u00f8ndag er det familiegudstjeneste i regi av s\u00f8ndagsskolen.<br \/>\nTV-TRO presenterer sin julespesial, og det blir sang av Halden soul children. Etter gudstjenesten er alle velkommen til kirkekaffe.<br \/>\n<strong>OBS tidspunkt!<\/strong><img loading=\"lazy\" class=\"alignleft size-medium wp-image-1281\" src=\"http:\/\/haldenfrikirke.no\/wp-content\/uploads\/2016\/11\/Halden-Soul-children-Festival-2016-300x225.jpg\" alt=\"\" width=\"300\" height=\"225\" srcset=\"https:\/\/haldenfrikirke.no\/wp-content\/uploads\/2016\/11\/Halden-Soul-children-Festival-2016-300x225.jpg 300w, https:\/\/haldenfrikirke.no\/wp-content\/uploads\/2016\/11\/Halden-Soul-children-Festival-2016-768x576.jpg 768w, https:\/\/haldenfrikirke.no\/wp-content\/uploads\/2016\/11\/Halden-Soul-children-Festival-2016-1024x768.jpg 1024w, https:\/\/haldenfrikirke.no\/wp-content\/uploads\/2016\/11\/Halden-Soul-children-Festival-2016.jpg 1091w\" sizes=\"(max-width: 300px) 100vw, 300px\" \/><\/p>\n","protected":false},"excerpt":{"rendered":"<p>S\u00f8ndag er det familiegudstjeneste i regi av s\u00f8ndagsskolen. TV-TRO presenterer sin julespesial, og det blir sang av Halden soul children. Etter gudstjenesten er alle velkommen til kirkekaffe. OBS tidspunkt!<\/p>\n","protected":false},"author":1,"featured_media":0,"comment_status":"closed","ping_status":"closed","sticky":false,"template":"","format":"standard","meta":[],"categories":[1],"tags":[],"_links":{"self":[{"href":"https:\/\/haldenfrikirke.no\/index.php?rest_route=\/wp\/v2\/posts\/1821"}],"collection":[{"href":"https:\/\/haldenfrikirke.no\/index.php?rest_route=\/wp\/v2\/posts"}],"about":[{"href":"https:\/\/haldenfrikirke.no\/index.php?rest_route=\/wp\/v2\/types\/post"}],"author":[{"embeddable":true,"href":"https:\/\/haldenfrikirke.no\/index.php?rest_route=\/wp\/v2\/users\/1"}],"replies":[{"embeddable":true,"href":"https:\/\/haldenfrikirke.no\/index.php?rest_route=%2Fwp%2Fv2%2Fcomments&post=1821"}],"version-history":[{"count":5,"href":"https:\/\/haldenfrikirke.no\/index.php?rest_route=\/wp\/v2\/posts\/1821\/revisions"}],"predecessor-version":[{"id":1826,"href":"https:\/\/haldenfrikirke.no\/index.php?rest_route=\/wp\/v2\/posts\/1821\/revisions\/1826"}],"wp:attachment":[{"href":"https:\/\/haldenfrikirke.no\/index.php?rest_route=%2Fwp%2Fv2%2Fmedia&parent=1821"}],"wp:term":[{"taxonomy":"category","embeddable":true,"href":"https:\/\/haldenfrikirke.no\/index.php?rest_route=%2Fwp%2Fv2%2Fcategories&post=1821"},{"taxonomy":"post_tag","embeddable":true,"href":"https:\/\/haldenfrikirke.no\/index.php?rest_route=%2Fwp%2Fv2%2Ftags&post=1821"}],"curies":[{"name":"wp","href":"https:\/\/api.w.org\/{rel}","templated":true}]}}