{"id":1835,"date":"2017-12-18T09:21:23","date_gmt":"2017-12-18T09:21:23","guid":{"rendered":"http:\/\/haldenfrikirke.no\/?p=1835"},"modified":"2017-12-18T09:21:23","modified_gmt":"2017-12-18T09:21:23","slug":"julen-2017","status":"publish","type":"post","link":"https:\/\/haldenfrikirke.no\/?p=1835","title":{"rendered":"JULEN 2017"},"content":{"rendered":"<p><span style=\"color: #ff0000;\">Julaften\u00a0\u00a0feirer vi\u00a0familiegudstjeneste klokken 15.00.<\/span> Pastor Steilbu holder andakt, og det bli sang av Halden Soul Teens. Dagens kollekt g\u00e5r til Kirkens N\u00f8dhjelp.<\/p>\n<p><span style=\"color: #ff0000;\">1.juledag kl. 12.00 inviterer vi til h\u00f8ytidsgudstjeneste.<\/span> Pastor Steilbu taler, og det blir sang og musikk av Anniken og Vegard Falch Hillestad. Det blir nattverd, og kollekten g\u00e5r\u00a0til Frikirkens misjonsarbeid.<\/p>\n<p><span style=\"color: #ff0000;\">1.nytt\u00e5rsdag<\/span> samles vi til nattverd og b\u00f8nn for det nye \u00e5ret kl.19.00<\/p>\n<p><span style=\"color: #ff0000;\">S\u00f8ndag 7. januar kl. 17.00<\/span> er sm\u00e5 og store velkommen til juletrefest. Det blir andakt, bevertning, gang rundt treet, og poser til barna.<br \/>\n<span style=\"color: #ff0000;\">VELKOMMEN I FRIKIRKEN!<\/span><\/p>\n<p>&nbsp;<\/p>\n","protected":false},"excerpt":{"rendered":"<p>Julaften\u00a0\u00a0feirer vi\u00a0familiegudstjeneste klokken 15.00. Pastor Steilbu holder andakt, og det bli sang av Halden Soul Teens. Dagens kollekt g\u00e5r til Kirkens N\u00f8dhjelp. 1.juledag kl. 12.00 inviterer vi til h\u00f8ytidsgudstjeneste. Pastor &hellip; <a href=\"https:\/\/haldenfrikirke.no\/?p=1835\" class=\"more-link\">Fortsett \u00e5 lese <span class=\"screen-reader-text\">JULEN 2017<\/span> <span class=\"meta-nav\">&rarr;<\/span><\/a><\/p>\n","protected":false},"author":1,"featured_media":0,"comment_status":"closed","ping_status":"closed","sticky":false,"template":"","format":"standard","meta":[],"categories":[1],"tags":[],"_links":{"self":[{"href":"https:\/\/haldenfrikirke.no\/index.php?rest_route=\/wp\/v2\/posts\/1835"}],"collection":[{"href":"https:\/\/haldenfrikirke.no\/index.php?rest_route=\/wp\/v2\/posts"}],"about":[{"href":"https:\/\/haldenfrikirke.no\/index.php?rest_route=\/wp\/v2\/types\/post"}],"author":[{"embeddable":true,"href":"https:\/\/haldenfrikirke.no\/index.php?rest_route=\/wp\/v2\/users\/1"}],"replies":[{"embeddable":true,"href":"https:\/\/haldenfrikirke.no\/index.php?rest_route=%2Fwp%2Fv2%2Fcomments&post=1835"}],"version-history":[{"count":2,"href":"https:\/\/haldenfrikirke.no\/index.php?rest_route=\/wp\/v2\/posts\/1835\/revisions"}],"predecessor-version":[{"id":1837,"href":"https:\/\/haldenfrikirke.no\/index.php?rest_route=\/wp\/v2\/posts\/1835\/revisions\/1837"}],"wp:attachment":[{"href":"https:\/\/haldenfrikirke.no\/index.php?rest_route=%2Fwp%2Fv2%2Fmedia&parent=1835"}],"wp:term":[{"taxonomy":"category","embeddable":true,"href":"https:\/\/haldenfrikirke.no\/index.php?rest_route=%2Fwp%2Fv2%2Fcategories&post=1835"},{"taxonomy":"post_tag","embeddable":true,"href":"https:\/\/haldenfrikirke.no\/index.php?rest_route=%2Fwp%2Fv2%2Ftags&post=1835"}],"curies":[{"name":"wp","href":"https:\/\/api.w.org\/{rel}","templated":true}]}}