{"id":1964,"date":"2018-01-15T09:10:51","date_gmt":"2018-01-15T09:10:51","guid":{"rendered":"http:\/\/haldenfrikirke.no\/?p=1964"},"modified":"2018-01-15T09:21:34","modified_gmt":"2018-01-15T09:21:34","slug":"motepunkt-21-januar-17-00","status":"publish","type":"post","link":"https:\/\/haldenfrikirke.no\/?p=1964","title":{"rendered":"M\u00d8TEPUNKT 21. JANUAR 17.00"},"content":{"rendered":"<p><strong>M\u00f8tepunkt er frikirkens samlingssted tilrettelagt for unge familier.<br \/>\n<\/strong>M\u00f8tepunktteamet leder i lovsang, og Malin Oseland er dagens taler. Det er s\u00f8ndagsskoletilbud for barna under deler av gudstjenesten.<br \/>\nSamlingen starter med en kaffekopp, hilsing og mingling. Etterp\u00e5 er kafeen \u00e5pen med salg av\u00a0enkel kveldsmat.<br \/>\nAlle er hjertelig velkommen!<\/p>\n","protected":false},"excerpt":{"rendered":"<p>M\u00f8tepunkt er frikirkens samlingssted tilrettelagt for unge familier. M\u00f8tepunktteamet leder i lovsang, og Malin Oseland er dagens taler. Det er s\u00f8ndagsskoletilbud for barna under deler av gudstjenesten. Samlingen starter med &hellip; <a href=\"https:\/\/haldenfrikirke.no\/?p=1964\" class=\"more-link\">Fortsett \u00e5 lese <span class=\"screen-reader-text\">M\u00d8TEPUNKT 21. JANUAR 17.00<\/span> <span class=\"meta-nav\">&rarr;<\/span><\/a><\/p>\n","protected":false},"author":1,"featured_media":0,"comment_status":"closed","ping_status":"closed","sticky":false,"template":"","format":"standard","meta":[],"categories":[1],"tags":[],"_links":{"self":[{"href":"https:\/\/haldenfrikirke.no\/index.php?rest_route=\/wp\/v2\/posts\/1964"}],"collection":[{"href":"https:\/\/haldenfrikirke.no\/index.php?rest_route=\/wp\/v2\/posts"}],"about":[{"href":"https:\/\/haldenfrikirke.no\/index.php?rest_route=\/wp\/v2\/types\/post"}],"author":[{"embeddable":true,"href":"https:\/\/haldenfrikirke.no\/index.php?rest_route=\/wp\/v2\/users\/1"}],"replies":[{"embeddable":true,"href":"https:\/\/haldenfrikirke.no\/index.php?rest_route=%2Fwp%2Fv2%2Fcomments&post=1964"}],"version-history":[{"count":2,"href":"https:\/\/haldenfrikirke.no\/index.php?rest_route=\/wp\/v2\/posts\/1964\/revisions"}],"predecessor-version":[{"id":1970,"href":"https:\/\/haldenfrikirke.no\/index.php?rest_route=\/wp\/v2\/posts\/1964\/revisions\/1970"}],"wp:attachment":[{"href":"https:\/\/haldenfrikirke.no\/index.php?rest_route=%2Fwp%2Fv2%2Fmedia&parent=1964"}],"wp:term":[{"taxonomy":"category","embeddable":true,"href":"https:\/\/haldenfrikirke.no\/index.php?rest_route=%2Fwp%2Fv2%2Fcategories&post=1964"},{"taxonomy":"post_tag","embeddable":true,"href":"https:\/\/haldenfrikirke.no\/index.php?rest_route=%2Fwp%2Fv2%2Ftags&post=1964"}],"curies":[{"name":"wp","href":"https:\/\/api.w.org\/{rel}","templated":true}]}}