{"id":1972,"date":"2018-01-22T08:50:02","date_gmt":"2018-01-22T08:50:02","guid":{"rendered":"http:\/\/haldenfrikirke.no\/?p=1972"},"modified":"2018-01-22T08:50:02","modified_gmt":"2018-01-22T08:50:02","slug":"bibeldagen-2018","status":"publish","type":"post","link":"https:\/\/haldenfrikirke.no\/?p=1972","title":{"rendered":"BIBELDAGEN 2018"},"content":{"rendered":"<p>S\u00f8ndag 28. januar 11.00 g\u00e5r vi sammen med flere av byens menigheter og markerer Bibeldagen 2018 med fellesgudstjeneste p\u00e5 Salen.<br \/>\nTidligere generalsekret\u00e6r i Bibelselskapet, Stein Mydske, er dagens taler.<br \/>\nDet er s\u00f8ndagsskole for barna, og etter gudstjenesten serveres det kaffe og kaker.<\/p>\n","protected":false},"excerpt":{"rendered":"<p>S\u00f8ndag 28. januar 11.00 g\u00e5r vi sammen med flere av byens menigheter og markerer Bibeldagen 2018 med fellesgudstjeneste p\u00e5 Salen. Tidligere generalsekret\u00e6r i Bibelselskapet, Stein Mydske, er dagens taler. Det &hellip; <a href=\"https:\/\/haldenfrikirke.no\/?p=1972\" class=\"more-link\">Fortsett \u00e5 lese <span class=\"screen-reader-text\">BIBELDAGEN 2018<\/span> <span class=\"meta-nav\">&rarr;<\/span><\/a><\/p>\n","protected":false},"author":1,"featured_media":0,"comment_status":"closed","ping_status":"closed","sticky":false,"template":"","format":"standard","meta":[],"categories":[1],"tags":[],"_links":{"self":[{"href":"https:\/\/haldenfrikirke.no\/index.php?rest_route=\/wp\/v2\/posts\/1972"}],"collection":[{"href":"https:\/\/haldenfrikirke.no\/index.php?rest_route=\/wp\/v2\/posts"}],"about":[{"href":"https:\/\/haldenfrikirke.no\/index.php?rest_route=\/wp\/v2\/types\/post"}],"author":[{"embeddable":true,"href":"https:\/\/haldenfrikirke.no\/index.php?rest_route=\/wp\/v2\/users\/1"}],"replies":[{"embeddable":true,"href":"https:\/\/haldenfrikirke.no\/index.php?rest_route=%2Fwp%2Fv2%2Fcomments&post=1972"}],"version-history":[{"count":1,"href":"https:\/\/haldenfrikirke.no\/index.php?rest_route=\/wp\/v2\/posts\/1972\/revisions"}],"predecessor-version":[{"id":1973,"href":"https:\/\/haldenfrikirke.no\/index.php?rest_route=\/wp\/v2\/posts\/1972\/revisions\/1973"}],"wp:attachment":[{"href":"https:\/\/haldenfrikirke.no\/index.php?rest_route=%2Fwp%2Fv2%2Fmedia&parent=1972"}],"wp:term":[{"taxonomy":"category","embeddable":true,"href":"https:\/\/haldenfrikirke.no\/index.php?rest_route=%2Fwp%2Fv2%2Fcategories&post=1972"},{"taxonomy":"post_tag","embeddable":true,"href":"https:\/\/haldenfrikirke.no\/index.php?rest_route=%2Fwp%2Fv2%2Ftags&post=1972"}],"curies":[{"name":"wp","href":"https:\/\/api.w.org\/{rel}","templated":true}]}}