{"id":2008,"date":"2018-01-29T10:14:47","date_gmt":"2018-01-29T10:14:47","guid":{"rendered":"http:\/\/haldenfrikirke.no\/?p=2008"},"modified":"2018-01-29T10:14:47","modified_gmt":"2018-01-29T10:14:47","slug":"sondag-4-februar-18-00","status":"publish","type":"post","link":"https:\/\/haldenfrikirke.no\/?p=2008","title":{"rendered":"S\u00d8NDAG 4.FEBRUAR 18.00"},"content":{"rendered":"<p>S\u00f8ndag inviterer vi til en annerledes gudstjeneste kalt <strong>KATEKISMEMESSE.<\/strong><br \/>\nDa kommer pastor <strong>Per Eriksen<\/strong> fra Fredrikstad frikirke sammen med et knippe sangere og musikere. Med ord og toner tar de oss gjennom Luthers Lille Katekisme. Vi m\u00f8ter Martin Luther selv, gjennom hans egne tekster. Sanger av kjente artister fremf\u00f8res som en understrekning av leddene i katekismen. Messen avsluttes med nattverd.<br \/>\nKatekismemessen ble laget i forbindelse med 500 \u00e5rs-jubileet for Martin Luther i fjor, og selv om ordene er flere hundre \u00e5r gamle, er de p\u00e5 ingen m\u00e5te utdatert.<br \/>\nDet blir s\u00f8ndagsskole for barna, og etter at Messen er ferdig, er alle velkommen til kirkekaffe.<\/p>\n","protected":false},"excerpt":{"rendered":"<p>S\u00f8ndag inviterer vi til en annerledes gudstjeneste kalt KATEKISMEMESSE. Da kommer pastor Per Eriksen fra Fredrikstad frikirke sammen med et knippe sangere og musikere. Med ord og toner tar de &hellip; <a href=\"https:\/\/haldenfrikirke.no\/?p=2008\" class=\"more-link\">Fortsett \u00e5 lese <span class=\"screen-reader-text\">S\u00d8NDAG 4.FEBRUAR 18.00<\/span> <span class=\"meta-nav\">&rarr;<\/span><\/a><\/p>\n","protected":false},"author":1,"featured_media":0,"comment_status":"closed","ping_status":"closed","sticky":false,"template":"","format":"standard","meta":[],"categories":[1],"tags":[],"_links":{"self":[{"href":"https:\/\/haldenfrikirke.no\/index.php?rest_route=\/wp\/v2\/posts\/2008"}],"collection":[{"href":"https:\/\/haldenfrikirke.no\/index.php?rest_route=\/wp\/v2\/posts"}],"about":[{"href":"https:\/\/haldenfrikirke.no\/index.php?rest_route=\/wp\/v2\/types\/post"}],"author":[{"embeddable":true,"href":"https:\/\/haldenfrikirke.no\/index.php?rest_route=\/wp\/v2\/users\/1"}],"replies":[{"embeddable":true,"href":"https:\/\/haldenfrikirke.no\/index.php?rest_route=%2Fwp%2Fv2%2Fcomments&post=2008"}],"version-history":[{"count":3,"href":"https:\/\/haldenfrikirke.no\/index.php?rest_route=\/wp\/v2\/posts\/2008\/revisions"}],"predecessor-version":[{"id":2011,"href":"https:\/\/haldenfrikirke.no\/index.php?rest_route=\/wp\/v2\/posts\/2008\/revisions\/2011"}],"wp:attachment":[{"href":"https:\/\/haldenfrikirke.no\/index.php?rest_route=%2Fwp%2Fv2%2Fmedia&parent=2008"}],"wp:term":[{"taxonomy":"category","embeddable":true,"href":"https:\/\/haldenfrikirke.no\/index.php?rest_route=%2Fwp%2Fv2%2Fcategories&post=2008"},{"taxonomy":"post_tag","embeddable":true,"href":"https:\/\/haldenfrikirke.no\/index.php?rest_route=%2Fwp%2Fv2%2Ftags&post=2008"}],"curies":[{"name":"wp","href":"https:\/\/api.w.org\/{rel}","templated":true}]}}