{"id":2031,"date":"2018-03-21T12:16:36","date_gmt":"2018-03-21T12:16:36","guid":{"rendered":"http:\/\/haldenfrikirke.no\/?p=2031"},"modified":"2018-03-21T12:16:36","modified_gmt":"2018-03-21T12:16:36","slug":"familiegudstjeneste-palmesondag","status":"publish","type":"post","link":"https:\/\/haldenfrikirke.no\/?p=2031","title":{"rendered":"Familiegudstjeneste Palmes\u00f8ndag"},"content":{"rendered":"<p>Til s\u00f8ndag markerer vi at det er palmes\u00f8ndag og at p\u00e5sken n\u00e6rmer seg. S\u00f8ndagsskolen har forberedt opptrinn med palmegrener og sang.\u00a0 Andakt ved pastor Sigvald L. Steilbu. Etterp\u00e5 er det kirkekaffe.<br \/>\nAlle er hjertelig velkommen!<\/p>\n","protected":false},"excerpt":{"rendered":"<p>Til s\u00f8ndag markerer vi at det er palmes\u00f8ndag og at p\u00e5sken n\u00e6rmer seg. S\u00f8ndagsskolen har forberedt opptrinn med palmegrener og sang.\u00a0 Andakt ved pastor Sigvald L. Steilbu. Etterp\u00e5 er det &hellip; <a href=\"https:\/\/haldenfrikirke.no\/?p=2031\" class=\"more-link\">Fortsett \u00e5 lese <span class=\"screen-reader-text\">Familiegudstjeneste Palmes\u00f8ndag<\/span> <span class=\"meta-nav\">&rarr;<\/span><\/a><\/p>\n","protected":false},"author":1,"featured_media":0,"comment_status":"closed","ping_status":"closed","sticky":false,"template":"","format":"standard","meta":[],"categories":[1],"tags":[],"_links":{"self":[{"href":"https:\/\/haldenfrikirke.no\/index.php?rest_route=\/wp\/v2\/posts\/2031"}],"collection":[{"href":"https:\/\/haldenfrikirke.no\/index.php?rest_route=\/wp\/v2\/posts"}],"about":[{"href":"https:\/\/haldenfrikirke.no\/index.php?rest_route=\/wp\/v2\/types\/post"}],"author":[{"embeddable":true,"href":"https:\/\/haldenfrikirke.no\/index.php?rest_route=\/wp\/v2\/users\/1"}],"replies":[{"embeddable":true,"href":"https:\/\/haldenfrikirke.no\/index.php?rest_route=%2Fwp%2Fv2%2Fcomments&post=2031"}],"version-history":[{"count":1,"href":"https:\/\/haldenfrikirke.no\/index.php?rest_route=\/wp\/v2\/posts\/2031\/revisions"}],"predecessor-version":[{"id":2032,"href":"https:\/\/haldenfrikirke.no\/index.php?rest_route=\/wp\/v2\/posts\/2031\/revisions\/2032"}],"wp:attachment":[{"href":"https:\/\/haldenfrikirke.no\/index.php?rest_route=%2Fwp%2Fv2%2Fmedia&parent=2031"}],"wp:term":[{"taxonomy":"category","embeddable":true,"href":"https:\/\/haldenfrikirke.no\/index.php?rest_route=%2Fwp%2Fv2%2Fcategories&post=2031"},{"taxonomy":"post_tag","embeddable":true,"href":"https:\/\/haldenfrikirke.no\/index.php?rest_route=%2Fwp%2Fv2%2Ftags&post=2031"}],"curies":[{"name":"wp","href":"https:\/\/api.w.org\/{rel}","templated":true}]}}