{"id":2045,"date":"2018-04-23T11:39:05","date_gmt":"2018-04-23T11:39:05","guid":{"rendered":"http:\/\/haldenfrikirke.no\/?p=2045"},"modified":"2018-04-23T11:57:42","modified_gmt":"2018-04-23T11:57:42","slug":"konfirmasjonsgudstjeneste-sondag-11-00","status":"publish","type":"post","link":"https:\/\/haldenfrikirke.no\/?p=2045","title":{"rendered":"Konfirmasjonsgudstjeneste s\u00f8ndag 11.00"},"content":{"rendered":"<p>Til s\u00f8ndag er det en stor dag, spesielt for v\u00e5re konfirmanter Sunniva Nilsen og Emil A. Ohlgren og deres familier.\u00a0 La oss fylle kirken denne dagen og p\u00e5 den m\u00e5ten st\u00e5 sammen med konfirmantene v\u00e5re.<br \/>\nM\u00f8tepunktteamet leder fellessangen og synger noen sanger for oss.<br \/>\nPastor Sigvald L. Steilbu taler og s\u00f8ndagsskolen tar imot barna.<br \/>\nHjertelig velkommen!<\/p>\n","protected":false},"excerpt":{"rendered":"<p>Til s\u00f8ndag er det en stor dag, spesielt for v\u00e5re konfirmanter Sunniva Nilsen og Emil A. Ohlgren og deres familier.\u00a0 La oss fylle kirken denne dagen og p\u00e5 den m\u00e5ten &hellip; <a href=\"https:\/\/haldenfrikirke.no\/?p=2045\" class=\"more-link\">Fortsett \u00e5 lese <span class=\"screen-reader-text\">Konfirmasjonsgudstjeneste s\u00f8ndag 11.00<\/span> <span class=\"meta-nav\">&rarr;<\/span><\/a><\/p>\n","protected":false},"author":1,"featured_media":0,"comment_status":"closed","ping_status":"closed","sticky":false,"template":"","format":"standard","meta":[],"categories":[1],"tags":[],"_links":{"self":[{"href":"https:\/\/haldenfrikirke.no\/index.php?rest_route=\/wp\/v2\/posts\/2045"}],"collection":[{"href":"https:\/\/haldenfrikirke.no\/index.php?rest_route=\/wp\/v2\/posts"}],"about":[{"href":"https:\/\/haldenfrikirke.no\/index.php?rest_route=\/wp\/v2\/types\/post"}],"author":[{"embeddable":true,"href":"https:\/\/haldenfrikirke.no\/index.php?rest_route=\/wp\/v2\/users\/1"}],"replies":[{"embeddable":true,"href":"https:\/\/haldenfrikirke.no\/index.php?rest_route=%2Fwp%2Fv2%2Fcomments&post=2045"}],"version-history":[{"count":2,"href":"https:\/\/haldenfrikirke.no\/index.php?rest_route=\/wp\/v2\/posts\/2045\/revisions"}],"predecessor-version":[{"id":2047,"href":"https:\/\/haldenfrikirke.no\/index.php?rest_route=\/wp\/v2\/posts\/2045\/revisions\/2047"}],"wp:attachment":[{"href":"https:\/\/haldenfrikirke.no\/index.php?rest_route=%2Fwp%2Fv2%2Fmedia&parent=2045"}],"wp:term":[{"taxonomy":"category","embeddable":true,"href":"https:\/\/haldenfrikirke.no\/index.php?rest_route=%2Fwp%2Fv2%2Fcategories&post=2045"},{"taxonomy":"post_tag","embeddable":true,"href":"https:\/\/haldenfrikirke.no\/index.php?rest_route=%2Fwp%2Fv2%2Ftags&post=2045"}],"curies":[{"name":"wp","href":"https:\/\/api.w.org\/{rel}","templated":true}]}}