{"id":2083,"date":"2018-05-30T12:01:37","date_gmt":"2018-05-30T12:01:37","guid":{"rendered":"http:\/\/haldenfrikirke.no\/?p=2083"},"modified":"2018-05-30T12:14:18","modified_gmt":"2018-05-30T12:14:18","slug":"sangkveld-i-frikirken-sondag-17-juni","status":"publish","type":"post","link":"https:\/\/haldenfrikirke.no\/?p=2083","title":{"rendered":"Sangkveld med Message i Frikirken s\u00f8ndag 17. juni kl. 17.00"},"content":{"rendered":"<p><strong><span style=\"color: #ff0000;\">Drar i gang sommerens fellesm\u00f8ter\u00a0 med sangkveld med Message<\/span><\/strong><br \/>\nGjennom mange somrer har Tabernaklet, Frikirken, Halden Metodistkirke og Betel hatt felles sommerm\u00f8ter. Hva passer vel bedre enn \u00e5 dra sommerens samlinger i gang med en sangkveld?<br \/>\n<img loading=\"lazy\" class=\"alignleft wp-image-2084\" src=\"http:\/\/haldenfrikirke.no\/wp-content\/uploads\/2018\/05\/Message-2-300x200.jpg\" alt=\"\" width=\"365\" height=\"243\" srcset=\"https:\/\/haldenfrikirke.no\/wp-content\/uploads\/2018\/05\/Message-2-300x200.jpg 300w, https:\/\/haldenfrikirke.no\/wp-content\/uploads\/2018\/05\/Message-2-768x512.jpg 768w, https:\/\/haldenfrikirke.no\/wp-content\/uploads\/2018\/05\/Message-2-1024x683.jpg 1024w\" sizes=\"(max-width: 365px) 100vw, 365px\" \/><\/p>\n<p>S\u00f8ndag 17. juni skal bandet Message gj\u00f8re nettopp det. Message best\u00e5r av 7 sangere\/musikere fra Indre \u00d8stfold og H\u00e5land. De som har levd en stund drar kanskje kjensel p\u00e5 navnet. P\u00e5 70 og 80-tallet var de meget aktive og popul\u00e6re i ulike kristne milj\u00f8er. Etter en lang pause, fikk i 2014 tre fra den gamle besetningen med seg nye og yngre sangere og musikere, og har utvidet og modernisert stilart og sangutvalg. Message fremst\u00e5r n\u00e5 som et allsidig band med stilart fra 80-tallet og nyere. Ballader med god rytme og flerstemte harmonier er kjennetegnet, og mest engelske, men ogs\u00e5 norske og egenproduserte tekster. De regner seg som et kristent konsertband med tydelig kristen profil. Message best\u00e5r av Gjermund Nilsen, tangent, Tormod Aadalen, trommer, Kjell Husvik, bass og sang, Aril Skj\u00e6ringrud, gitar og sang, Terje Kingsr\u00f8d, gitar og sang, Thom-Arild Hauge, piano og Juliane Husvik, sang. Kveldens andakt blir ved Terje Kingsr\u00f8d.\u00a0 Det blir mulighet for \u00e5 gi kollekt.<\/p>\n<p>Hvorfor ikke sette av denne s\u00f8ndags ettermiddagen til en kveld med flott sang og musikk? Alle er hjertelig velkommen!<\/p>\n","protected":false},"excerpt":{"rendered":"<p>Drar i gang sommerens fellesm\u00f8ter\u00a0 med sangkveld med Message Gjennom mange somrer har Tabernaklet, Frikirken, Halden Metodistkirke og Betel hatt felles sommerm\u00f8ter. Hva passer vel bedre enn \u00e5 dra sommerens &hellip; <a href=\"https:\/\/haldenfrikirke.no\/?p=2083\" class=\"more-link\">Fortsett \u00e5 lese <span class=\"screen-reader-text\">Sangkveld med Message i Frikirken s\u00f8ndag 17. juni kl. 17.00<\/span> <span class=\"meta-nav\">&rarr;<\/span><\/a><\/p>\n","protected":false},"author":1,"featured_media":0,"comment_status":"closed","ping_status":"closed","sticky":false,"template":"","format":"standard","meta":[],"categories":[1],"tags":[],"_links":{"self":[{"href":"https:\/\/haldenfrikirke.no\/index.php?rest_route=\/wp\/v2\/posts\/2083"}],"collection":[{"href":"https:\/\/haldenfrikirke.no\/index.php?rest_route=\/wp\/v2\/posts"}],"about":[{"href":"https:\/\/haldenfrikirke.no\/index.php?rest_route=\/wp\/v2\/types\/post"}],"author":[{"embeddable":true,"href":"https:\/\/haldenfrikirke.no\/index.php?rest_route=\/wp\/v2\/users\/1"}],"replies":[{"embeddable":true,"href":"https:\/\/haldenfrikirke.no\/index.php?rest_route=%2Fwp%2Fv2%2Fcomments&post=2083"}],"version-history":[{"count":4,"href":"https:\/\/haldenfrikirke.no\/index.php?rest_route=\/wp\/v2\/posts\/2083\/revisions"}],"predecessor-version":[{"id":2095,"href":"https:\/\/haldenfrikirke.no\/index.php?rest_route=\/wp\/v2\/posts\/2083\/revisions\/2095"}],"wp:attachment":[{"href":"https:\/\/haldenfrikirke.no\/index.php?rest_route=%2Fwp%2Fv2%2Fmedia&parent=2083"}],"wp:term":[{"taxonomy":"category","embeddable":true,"href":"https:\/\/haldenfrikirke.no\/index.php?rest_route=%2Fwp%2Fv2%2Fcategories&post=2083"},{"taxonomy":"post_tag","embeddable":true,"href":"https:\/\/haldenfrikirke.no\/index.php?rest_route=%2Fwp%2Fv2%2Ftags&post=2083"}],"curies":[{"name":"wp","href":"https:\/\/api.w.org\/{rel}","templated":true}]}}