{"id":2096,"date":"2018-05-30T12:25:53","date_gmt":"2018-05-30T12:25:53","guid":{"rendered":"http:\/\/haldenfrikirke.no\/?p=2096"},"modified":"2018-05-30T12:27:32","modified_gmt":"2018-05-30T12:27:32","slug":"familiegudstjeneste-sondag-11-00","status":"publish","type":"post","link":"https:\/\/haldenfrikirke.no\/?p=2096","title":{"rendered":"Familiegudstjeneste s\u00f8ndag 11.00"},"content":{"rendered":"<p>S\u00f8ndag f\u00e5r vi bes\u00f8k av Guro Thoresen fra s\u00f8ndagsskolen som skal holde andakt.\u00a0 Halden Soul Children vil synge. <img loading=\"lazy\" class=\"alignleft size-medium wp-image-696\" src=\"http:\/\/haldenfrikirke.no\/wp-content\/uploads\/2013\/11\/SoulChildrenBlomst-300x217.png\" alt=\"Fargerik stjerne- og blomstpynt. Illustrasjon.\" width=\"300\" height=\"217\" srcset=\"https:\/\/haldenfrikirke.no\/wp-content\/uploads\/2013\/11\/SoulChildrenBlomst-300x217.png 300w, https:\/\/haldenfrikirke.no\/wp-content\/uploads\/2013\/11\/SoulChildrenBlomst.png 407w\" sizes=\"(max-width: 300px) 100vw, 300px\" \/><\/p>\n<p>Det blir b\u00f8nnevandring med nattverd.<br \/>\nKollekten g\u00e5r til s\u00f8ndagsskolekretsen. I forlengelsen av kirkekaffen blir det menighetsm\u00f8te der vi skal ta opp utvidelse av stillingen som Unge &#8211; voksnemedarbeider.<br \/>\nHjertelig velkommen!<\/p>\n","protected":false},"excerpt":{"rendered":"<p>S\u00f8ndag f\u00e5r vi bes\u00f8k av Guro Thoresen fra s\u00f8ndagsskolen som skal holde andakt.\u00a0 Halden Soul Children vil synge. Det blir b\u00f8nnevandring med nattverd. Kollekten g\u00e5r til s\u00f8ndagsskolekretsen. I forlengelsen av &hellip; <a href=\"https:\/\/haldenfrikirke.no\/?p=2096\" class=\"more-link\">Fortsett \u00e5 lese <span class=\"screen-reader-text\">Familiegudstjeneste s\u00f8ndag 11.00<\/span> <span class=\"meta-nav\">&rarr;<\/span><\/a><\/p>\n","protected":false},"author":1,"featured_media":0,"comment_status":"closed","ping_status":"closed","sticky":false,"template":"","format":"standard","meta":[],"categories":[1],"tags":[],"_links":{"self":[{"href":"https:\/\/haldenfrikirke.no\/index.php?rest_route=\/wp\/v2\/posts\/2096"}],"collection":[{"href":"https:\/\/haldenfrikirke.no\/index.php?rest_route=\/wp\/v2\/posts"}],"about":[{"href":"https:\/\/haldenfrikirke.no\/index.php?rest_route=\/wp\/v2\/types\/post"}],"author":[{"embeddable":true,"href":"https:\/\/haldenfrikirke.no\/index.php?rest_route=\/wp\/v2\/users\/1"}],"replies":[{"embeddable":true,"href":"https:\/\/haldenfrikirke.no\/index.php?rest_route=%2Fwp%2Fv2%2Fcomments&post=2096"}],"version-history":[{"count":2,"href":"https:\/\/haldenfrikirke.no\/index.php?rest_route=\/wp\/v2\/posts\/2096\/revisions"}],"predecessor-version":[{"id":2098,"href":"https:\/\/haldenfrikirke.no\/index.php?rest_route=\/wp\/v2\/posts\/2096\/revisions\/2098"}],"wp:attachment":[{"href":"https:\/\/haldenfrikirke.no\/index.php?rest_route=%2Fwp%2Fv2%2Fmedia&parent=2096"}],"wp:term":[{"taxonomy":"category","embeddable":true,"href":"https:\/\/haldenfrikirke.no\/index.php?rest_route=%2Fwp%2Fv2%2Fcategories&post=2096"},{"taxonomy":"post_tag","embeddable":true,"href":"https:\/\/haldenfrikirke.no\/index.php?rest_route=%2Fwp%2Fv2%2Ftags&post=2096"}],"curies":[{"name":"wp","href":"https:\/\/api.w.org\/{rel}","templated":true}]}}