{"id":2137,"date":"2018-07-02T08:16:25","date_gmt":"2018-07-02T08:16:25","guid":{"rendered":"http:\/\/haldenfrikirke.no\/?p=2137"},"modified":"2018-07-02T08:16:25","modified_gmt":"2018-07-02T08:16:25","slug":"fellesgudstjeneste-pa-betel-sondag-8-juli-kl-11-00","status":"publish","type":"post","link":"https:\/\/haldenfrikirke.no\/?p=2137","title":{"rendered":"Fellesgudstjeneste p\u00e5 Betel s\u00f8ndag 8. juli kl. 11.00"},"content":{"rendered":"<p>Baptistkirken Tabernaklet, Halden Metodistkirke, Kristi menighet Betel og Halden Frikirke har felles sommergudstjenester. Kommende s\u00f8ndag er det gudstjeneste i Kristi menighet, Betel. Dagens taler er Svein Langbr\u00e5then fra Tabernaklet. Etterp\u00e5 inviteres det til enkel kirkekaffe. Alle er hjertelig velkommen!<\/p>\n","protected":false},"excerpt":{"rendered":"<p>Baptistkirken Tabernaklet, Halden Metodistkirke, Kristi menighet Betel og Halden Frikirke har felles sommergudstjenester. Kommende s\u00f8ndag er det gudstjeneste i Kristi menighet, Betel. Dagens taler er Svein Langbr\u00e5then fra Tabernaklet. Etterp\u00e5 &hellip; <a href=\"https:\/\/haldenfrikirke.no\/?p=2137\" class=\"more-link\">Fortsett \u00e5 lese <span class=\"screen-reader-text\">Fellesgudstjeneste p\u00e5 Betel s\u00f8ndag 8. juli kl. 11.00<\/span> <span class=\"meta-nav\">&rarr;<\/span><\/a><\/p>\n","protected":false},"author":1,"featured_media":0,"comment_status":"closed","ping_status":"closed","sticky":false,"template":"","format":"standard","meta":[],"categories":[1],"tags":[],"_links":{"self":[{"href":"https:\/\/haldenfrikirke.no\/index.php?rest_route=\/wp\/v2\/posts\/2137"}],"collection":[{"href":"https:\/\/haldenfrikirke.no\/index.php?rest_route=\/wp\/v2\/posts"}],"about":[{"href":"https:\/\/haldenfrikirke.no\/index.php?rest_route=\/wp\/v2\/types\/post"}],"author":[{"embeddable":true,"href":"https:\/\/haldenfrikirke.no\/index.php?rest_route=\/wp\/v2\/users\/1"}],"replies":[{"embeddable":true,"href":"https:\/\/haldenfrikirke.no\/index.php?rest_route=%2Fwp%2Fv2%2Fcomments&post=2137"}],"version-history":[{"count":1,"href":"https:\/\/haldenfrikirke.no\/index.php?rest_route=\/wp\/v2\/posts\/2137\/revisions"}],"predecessor-version":[{"id":2138,"href":"https:\/\/haldenfrikirke.no\/index.php?rest_route=\/wp\/v2\/posts\/2137\/revisions\/2138"}],"wp:attachment":[{"href":"https:\/\/haldenfrikirke.no\/index.php?rest_route=%2Fwp%2Fv2%2Fmedia&parent=2137"}],"wp:term":[{"taxonomy":"category","embeddable":true,"href":"https:\/\/haldenfrikirke.no\/index.php?rest_route=%2Fwp%2Fv2%2Fcategories&post=2137"},{"taxonomy":"post_tag","embeddable":true,"href":"https:\/\/haldenfrikirke.no\/index.php?rest_route=%2Fwp%2Fv2%2Ftags&post=2137"}],"curies":[{"name":"wp","href":"https:\/\/api.w.org\/{rel}","templated":true}]}}