{"id":2251,"date":"2018-08-13T06:58:14","date_gmt":"2018-08-13T06:58:14","guid":{"rendered":"http:\/\/haldenfrikirke.no\/?p=2251"},"modified":"2018-08-13T07:01:02","modified_gmt":"2018-08-13T07:01:02","slug":"samlingsfest-19-august-17-00","status":"publish","type":"post","link":"https:\/\/haldenfrikirke.no\/?p=2251","title":{"rendered":"SAMLINGSFEST 19.AUGUST 17.00"},"content":{"rendered":"<p>S\u00f8ndag 19.august samles vi\u00a0igjen i v\u00e5r egen kirke\u00a0 etter en god sommer i fellesskap med flere av byens menigheter.<br \/>\nDet blir sang av Lone Bjerke Falch, og pastor Steilbu holder andakt.<br \/>\nPresentasjon og forb\u00f8nn for v\u00e5re nye konfirmanter.<br \/>\nKaker, saft og kaffe st\u00e5r p\u00e5 menyen, og sm\u00e5 og store er hjertelig velkommen!<\/p>\n<figure id=\"attachment_1041\" aria-describedby=\"caption-attachment-1041\" style=\"width: 200px\" class=\"wp-caption alignleft\"><img loading=\"lazy\" class=\"size-medium wp-image-1041\" src=\"http:\/\/haldenfrikirke.no\/wp-content\/uploads\/2016\/05\/IMG_1640-200x300.jpg\" alt=\"\" width=\"200\" height=\"300\" srcset=\"https:\/\/haldenfrikirke.no\/wp-content\/uploads\/2016\/05\/IMG_1640-200x300.jpg 200w, https:\/\/haldenfrikirke.no\/wp-content\/uploads\/2016\/05\/IMG_1640-768x1152.jpg 768w, https:\/\/haldenfrikirke.no\/wp-content\/uploads\/2016\/05\/IMG_1640-683x1024.jpg 683w, https:\/\/haldenfrikirke.no\/wp-content\/uploads\/2016\/05\/IMG_1640.jpg 1500w\" sizes=\"(max-width: 200px) 100vw, 200px\" \/><figcaption id=\"caption-attachment-1041\" class=\"wp-caption-text\">Pastor Steilbu taler i s\u00f8ndagens samlingsfest.<\/figcaption><\/figure>\n<p><img loading=\"lazy\" class=\"alignleft size-full wp-image-1255\" src=\"http:\/\/haldenfrikirke.no\/wp-content\/uploads\/2016\/10\/Lone-B.-Falch.png\" alt=\"\" width=\"212\" height=\"238\" \/><\/p>\n","protected":false},"excerpt":{"rendered":"<p>S\u00f8ndag 19.august samles vi\u00a0igjen i v\u00e5r egen kirke\u00a0 etter en god sommer i fellesskap med flere av byens menigheter. Det blir sang av Lone Bjerke Falch, og pastor Steilbu holder &hellip; <a href=\"https:\/\/haldenfrikirke.no\/?p=2251\" class=\"more-link\">Fortsett \u00e5 lese <span class=\"screen-reader-text\">SAMLINGSFEST 19.AUGUST 17.00<\/span> <span class=\"meta-nav\">&rarr;<\/span><\/a><\/p>\n","protected":false},"author":1,"featured_media":0,"comment_status":"closed","ping_status":"closed","sticky":false,"template":"","format":"standard","meta":[],"categories":[1],"tags":[],"_links":{"self":[{"href":"https:\/\/haldenfrikirke.no\/index.php?rest_route=\/wp\/v2\/posts\/2251"}],"collection":[{"href":"https:\/\/haldenfrikirke.no\/index.php?rest_route=\/wp\/v2\/posts"}],"about":[{"href":"https:\/\/haldenfrikirke.no\/index.php?rest_route=\/wp\/v2\/types\/post"}],"author":[{"embeddable":true,"href":"https:\/\/haldenfrikirke.no\/index.php?rest_route=\/wp\/v2\/users\/1"}],"replies":[{"embeddable":true,"href":"https:\/\/haldenfrikirke.no\/index.php?rest_route=%2Fwp%2Fv2%2Fcomments&post=2251"}],"version-history":[{"count":4,"href":"https:\/\/haldenfrikirke.no\/index.php?rest_route=\/wp\/v2\/posts\/2251\/revisions"}],"predecessor-version":[{"id":2256,"href":"https:\/\/haldenfrikirke.no\/index.php?rest_route=\/wp\/v2\/posts\/2251\/revisions\/2256"}],"wp:attachment":[{"href":"https:\/\/haldenfrikirke.no\/index.php?rest_route=%2Fwp%2Fv2%2Fmedia&parent=2251"}],"wp:term":[{"taxonomy":"category","embeddable":true,"href":"https:\/\/haldenfrikirke.no\/index.php?rest_route=%2Fwp%2Fv2%2Fcategories&post=2251"},{"taxonomy":"post_tag","embeddable":true,"href":"https:\/\/haldenfrikirke.no\/index.php?rest_route=%2Fwp%2Fv2%2Ftags&post=2251"}],"curies":[{"name":"wp","href":"https:\/\/api.w.org\/{rel}","templated":true}]}}