{"id":2602,"date":"2019-03-11T09:37:25","date_gmt":"2019-03-11T09:37:25","guid":{"rendered":"http:\/\/haldenfrikirke.no\/?p=2602"},"modified":"2019-03-13T07:34:39","modified_gmt":"2019-03-13T07:34:39","slug":"menighetens-arsfest-sondag-17-mars-17-00","status":"publish","type":"post","link":"https:\/\/haldenfrikirke.no\/?p=2602","title":{"rendered":"Menighetens \u00e5rsfest s\u00f8ndag 17. mars 17.00"},"content":{"rendered":"<p>Vi inviterer til menighetens \u00e5rsfest for hele familien.<br \/>\nV\u00e5rt nystartede barnekor, Halden Soul Kids, vil synge offentlig for f\u00f8rste gang. De har hatt tre \u00f8velser siden oppstarten i januar, og vi gleder oss til \u00e5 se og h\u00f8re dem i aksjon.<br \/>\nS\u00f8ndagsskolens TV-TRO-TEAM st\u00e5r for dagens forkynnelse under ledelse av Else Marie Breda. Vi f\u00e5r ogs\u00e5 bes\u00f8k av misjon\u00e6r Ingjerd Grimstad Bandak som vil fortelle fra arbeidet i Midt-\u00d8sten. Kollekt til Frikirkens misjonsarbeid.<br \/>\nKvelden avsluttes med kaffe og et fristende kakebord.<br \/>\n<img loading=\"lazy\" class=\"alignleft size-full wp-image-2440\" src=\"http:\/\/haldenfrikirke.no\/wp-content\/uploads\/2018\/12\/logo-circle.png\" alt=\"\" width=\"113\" height=\"118\" \/>Alle er hjertelig velkommen!<\/p>\n<p>&nbsp;<\/p>\n<p>&nbsp;<\/p>\n","protected":false},"excerpt":{"rendered":"<p>Vi inviterer til menighetens \u00e5rsfest for hele familien. V\u00e5rt nystartede barnekor, Halden Soul Kids, vil synge offentlig for f\u00f8rste gang. De har hatt tre \u00f8velser siden oppstarten i januar, og &hellip; <a href=\"https:\/\/haldenfrikirke.no\/?p=2602\" class=\"more-link\">Fortsett \u00e5 lese <span class=\"screen-reader-text\">Menighetens \u00e5rsfest s\u00f8ndag 17. mars 17.00<\/span> <span class=\"meta-nav\">&rarr;<\/span><\/a><\/p>\n","protected":false},"author":1,"featured_media":0,"comment_status":"closed","ping_status":"closed","sticky":false,"template":"","format":"standard","meta":[],"categories":[1],"tags":[],"_links":{"self":[{"href":"https:\/\/haldenfrikirke.no\/index.php?rest_route=\/wp\/v2\/posts\/2602"}],"collection":[{"href":"https:\/\/haldenfrikirke.no\/index.php?rest_route=\/wp\/v2\/posts"}],"about":[{"href":"https:\/\/haldenfrikirke.no\/index.php?rest_route=\/wp\/v2\/types\/post"}],"author":[{"embeddable":true,"href":"https:\/\/haldenfrikirke.no\/index.php?rest_route=\/wp\/v2\/users\/1"}],"replies":[{"embeddable":true,"href":"https:\/\/haldenfrikirke.no\/index.php?rest_route=%2Fwp%2Fv2%2Fcomments&post=2602"}],"version-history":[{"count":4,"href":"https:\/\/haldenfrikirke.no\/index.php?rest_route=\/wp\/v2\/posts\/2602\/revisions"}],"predecessor-version":[{"id":2607,"href":"https:\/\/haldenfrikirke.no\/index.php?rest_route=\/wp\/v2\/posts\/2602\/revisions\/2607"}],"wp:attachment":[{"href":"https:\/\/haldenfrikirke.no\/index.php?rest_route=%2Fwp%2Fv2%2Fmedia&parent=2602"}],"wp:term":[{"taxonomy":"category","embeddable":true,"href":"https:\/\/haldenfrikirke.no\/index.php?rest_route=%2Fwp%2Fv2%2Fcategories&post=2602"},{"taxonomy":"post_tag","embeddable":true,"href":"https:\/\/haldenfrikirke.no\/index.php?rest_route=%2Fwp%2Fv2%2Ftags&post=2602"}],"curies":[{"name":"wp","href":"https:\/\/api.w.org\/{rel}","templated":true}]}}