{"id":2943,"date":"2019-11-18T09:22:59","date_gmt":"2019-11-18T09:22:59","guid":{"rendered":"http:\/\/haldenfrikirke.no\/?p=2943"},"modified":"2019-11-18T09:22:59","modified_gmt":"2019-11-18T09:22:59","slug":"julemesse-og-familiegudstjeneste-23-og-24-november","status":"publish","type":"post","link":"https:\/\/haldenfrikirke.no\/?p=2943","title":{"rendered":"Julemesse og familiegudstjeneste 23. og 24. november!"},"content":{"rendered":"<p><img loading=\"lazy\" class=\"alignleft size-medium wp-image-2941\" src=\"http:\/\/haldenfrikirke.no\/wp-content\/uploads\/2019\/11\/97A6F784-9E13-4314-BD82-C94E27A8704C-300x225.jpeg\" alt=\"\" width=\"300\" height=\"225\" srcset=\"https:\/\/haldenfrikirke.no\/wp-content\/uploads\/2019\/11\/97A6F784-9E13-4314-BD82-C94E27A8704C-300x225.jpeg 300w, https:\/\/haldenfrikirke.no\/wp-content\/uploads\/2019\/11\/97A6F784-9E13-4314-BD82-C94E27A8704C-768x576.jpeg 768w, https:\/\/haldenfrikirke.no\/wp-content\/uploads\/2019\/11\/97A6F784-9E13-4314-BD82-C94E27A8704C-1024x768.jpeg 1024w\" sizes=\"(max-width: 300px) 100vw, 300px\" \/>Velkommen til \u00e5rets julemesse l\u00f8rdag fra kl. 10! Her blir det utlodninger, lykkehjul, salg av julebakst og andre kortreiste matvarer. Muligheten til \u00e5 handle julegaver er s\u00e5 absolutt til stede! Kaf\u00e8en kan friste med nystekte vafler, kaker, kaffe og varme p\u00f8lser. Kl. 12 f\u00e5r vi sang av Halden Soul Kids, og kl 14 blir det andakt ved pastor Sigvald Steilbu. Deretter avsluttes dagen med trekninger.<\/p>\n<p>S\u00f8ndag kl. 11 samles vi til familiegudstjeneste. S\u00f8ndagsskolens TV-TRO-TEAM, under ledelse av Else Marie Breda, st\u00e5r for\u00a0 dagens forkynnelse, og M\u00f8tepunktteamet leder i sang. Kaffeservering. Sm\u00e5, store og midtimellom er hjertelig velkommen!<\/p>\n","protected":false},"excerpt":{"rendered":"<p>Velkommen til \u00e5rets julemesse l\u00f8rdag fra kl. 10! Her blir det utlodninger, lykkehjul, salg av julebakst og andre kortreiste matvarer. Muligheten til \u00e5 handle julegaver er s\u00e5 absolutt til stede! &hellip; <a href=\"https:\/\/haldenfrikirke.no\/?p=2943\" class=\"more-link\">Fortsett \u00e5 lese <span class=\"screen-reader-text\">Julemesse og familiegudstjeneste 23. og 24. november!<\/span> <span class=\"meta-nav\">&rarr;<\/span><\/a><\/p>\n","protected":false},"author":1,"featured_media":0,"comment_status":"closed","ping_status":"closed","sticky":false,"template":"","format":"standard","meta":[],"categories":[1],"tags":[],"_links":{"self":[{"href":"https:\/\/haldenfrikirke.no\/index.php?rest_route=\/wp\/v2\/posts\/2943"}],"collection":[{"href":"https:\/\/haldenfrikirke.no\/index.php?rest_route=\/wp\/v2\/posts"}],"about":[{"href":"https:\/\/haldenfrikirke.no\/index.php?rest_route=\/wp\/v2\/types\/post"}],"author":[{"embeddable":true,"href":"https:\/\/haldenfrikirke.no\/index.php?rest_route=\/wp\/v2\/users\/1"}],"replies":[{"embeddable":true,"href":"https:\/\/haldenfrikirke.no\/index.php?rest_route=%2Fwp%2Fv2%2Fcomments&post=2943"}],"version-history":[{"count":2,"href":"https:\/\/haldenfrikirke.no\/index.php?rest_route=\/wp\/v2\/posts\/2943\/revisions"}],"predecessor-version":[{"id":2945,"href":"https:\/\/haldenfrikirke.no\/index.php?rest_route=\/wp\/v2\/posts\/2943\/revisions\/2945"}],"wp:attachment":[{"href":"https:\/\/haldenfrikirke.no\/index.php?rest_route=%2Fwp%2Fv2%2Fmedia&parent=2943"}],"wp:term":[{"taxonomy":"category","embeddable":true,"href":"https:\/\/haldenfrikirke.no\/index.php?rest_route=%2Fwp%2Fv2%2Fcategories&post=2943"},{"taxonomy":"post_tag","embeddable":true,"href":"https:\/\/haldenfrikirke.no\/index.php?rest_route=%2Fwp%2Fv2%2Ftags&post=2943"}],"curies":[{"name":"wp","href":"https:\/\/api.w.org\/{rel}","templated":true}]}}