{"id":3236,"date":"2020-06-08T20:38:33","date_gmt":"2020-06-08T20:38:33","guid":{"rendered":"http:\/\/haldenfrikirke.no\/?p=3236"},"modified":"2020-06-08T20:38:33","modified_gmt":"2020-06-08T20:38:33","slug":"sommerens-fellesgudstjenester-3","status":"publish","type":"post","link":"https:\/\/haldenfrikirke.no\/?p=3236","title":{"rendered":"SOMMERENS FELLESGUDSTJENESTER!"},"content":{"rendered":"\n<p>S\u00f8ndag 14.juni gudstjeneste i Baptistkirken Tabernaklet. <br>Sigvald Steilbu taler.<br>S\u00f8ndag 21. juni gudstjeneste i Metodistkirken. Kjell Fr\u00f8yland taler.<br>S\u00f8ndag 28. juni gudstjeneste i Frikirken. Torbj\u00f8rn Arnesen taler. <br>Sang av Anne Berit Arnesen.<br>S\u00f8ndag 5. juli gudstjeneste i Betel. Sverre Nilsen taler.<br>S\u00f8ndag 12. juli gudstjeneste i Baptistkirken Tabernaklet. <br>Ray Svanberg taler.<br>S\u00f8ndag 19. juli gudstjeneste i Metodistkirken.<br>S\u00f8ndag 26. juli gudstjeneste i Frikirken. Ola Liland taler.<br>S\u00f8ndag 2. august gudstjeneste i Betel. Albert Gj\u00f8st\u00f8l taler.<br>S\u00f8ndag 9. august gudstjeneste i Metodistkirken. <br>Torbj\u00f8rn Arnesen taler. Sang av Anne Berit Arnesen.<br>S\u00f8ndag 16. august gudstjeneste i Baptistkirken Tabernaklet. <br>Dagfinn St\u00e6rk taler.<\/p>\n","protected":false},"excerpt":{"rendered":"<p>S\u00f8ndag 14.juni gudstjeneste i Baptistkirken Tabernaklet. Sigvald Steilbu taler.S\u00f8ndag 21. juni gudstjeneste i Metodistkirken. Kjell Fr\u00f8yland taler.S\u00f8ndag 28. juni gudstjeneste i Frikirken. Torbj\u00f8rn Arnesen taler. Sang av Anne Berit Arnesen.S\u00f8ndag &hellip; <a href=\"https:\/\/haldenfrikirke.no\/?p=3236\" class=\"more-link\">Fortsett \u00e5 lese <span class=\"screen-reader-text\">SOMMERENS FELLESGUDSTJENESTER!<\/span> <span class=\"meta-nav\">&rarr;<\/span><\/a><\/p>\n","protected":false},"author":1,"featured_media":0,"comment_status":"closed","ping_status":"closed","sticky":false,"template":"","format":"standard","meta":[],"categories":[1],"tags":[],"_links":{"self":[{"href":"https:\/\/haldenfrikirke.no\/index.php?rest_route=\/wp\/v2\/posts\/3236"}],"collection":[{"href":"https:\/\/haldenfrikirke.no\/index.php?rest_route=\/wp\/v2\/posts"}],"about":[{"href":"https:\/\/haldenfrikirke.no\/index.php?rest_route=\/wp\/v2\/types\/post"}],"author":[{"embeddable":true,"href":"https:\/\/haldenfrikirke.no\/index.php?rest_route=\/wp\/v2\/users\/1"}],"replies":[{"embeddable":true,"href":"https:\/\/haldenfrikirke.no\/index.php?rest_route=%2Fwp%2Fv2%2Fcomments&post=3236"}],"version-history":[{"count":3,"href":"https:\/\/haldenfrikirke.no\/index.php?rest_route=\/wp\/v2\/posts\/3236\/revisions"}],"predecessor-version":[{"id":3239,"href":"https:\/\/haldenfrikirke.no\/index.php?rest_route=\/wp\/v2\/posts\/3236\/revisions\/3239"}],"wp:attachment":[{"href":"https:\/\/haldenfrikirke.no\/index.php?rest_route=%2Fwp%2Fv2%2Fmedia&parent=3236"}],"wp:term":[{"taxonomy":"category","embeddable":true,"href":"https:\/\/haldenfrikirke.no\/index.php?rest_route=%2Fwp%2Fv2%2Fcategories&post=3236"},{"taxonomy":"post_tag","embeddable":true,"href":"https:\/\/haldenfrikirke.no\/index.php?rest_route=%2Fwp%2Fv2%2Ftags&post=3236"}],"curies":[{"name":"wp","href":"https:\/\/api.w.org\/{rel}","templated":true}]}}