{"id":3546,"date":"2021-05-31T06:53:45","date_gmt":"2021-05-31T06:53:45","guid":{"rendered":"http:\/\/haldenfrikirke.no\/?p=3546"},"modified":"2021-05-31T06:53:45","modified_gmt":"2021-05-31T06:53:45","slug":"digital-gudstjeneste-fra-hamar-frikirke-6-juni-11-00","status":"publish","type":"post","link":"https:\/\/haldenfrikirke.no\/?p=3546","title":{"rendered":"Digital gudstjeneste fra hamar frikirke 6.juni 11.00"},"content":{"rendered":"\n<p>S\u00f8ndag 6. juni avsluttes \u00e5rets synodem\u00f8te med digital gudstjeneste fra Hamar frikirke. Synodeformann Jarle Skullerud taler over tema: Sammen i enhet!<br>For \u00e5 se gudstjenesten, klikk p\u00e5 lenken under:<\/p>\n\n\n\n<p><a href=\"https:\/\/www.youtube.com\/user\/hamarfrikirke\/live\">Gudstjeneste med Frikirken Norge | Hamar Frikirke | Live &#8211; YouTube<\/a><\/p>\n\n\n\n<figure class=\"wp-block-image\"><img src=\"https:\/\/frikirken.no\/site\/frikirken.no\/images\/hamar_frikirke_wikipedia.jpg\" alt=\"Gudstjeneste fra Synodem\u00f8tet\"\/><\/figure>\n","protected":false},"excerpt":{"rendered":"<p>S\u00f8ndag 6. juni avsluttes \u00e5rets synodem\u00f8te med digital gudstjeneste fra Hamar frikirke. Synodeformann Jarle Skullerud taler over tema: Sammen i enhet!For \u00e5 se gudstjenesten, klikk p\u00e5 lenken under: Gudstjeneste med &hellip; <a href=\"https:\/\/haldenfrikirke.no\/?p=3546\" class=\"more-link\">Fortsett \u00e5 lese <span class=\"screen-reader-text\">Digital gudstjeneste fra hamar frikirke 6.juni 11.00<\/span> <span class=\"meta-nav\">&rarr;<\/span><\/a><\/p>\n","protected":false},"author":1,"featured_media":0,"comment_status":"closed","ping_status":"closed","sticky":false,"template":"","format":"standard","meta":[],"categories":[1],"tags":[],"_links":{"self":[{"href":"https:\/\/haldenfrikirke.no\/index.php?rest_route=\/wp\/v2\/posts\/3546"}],"collection":[{"href":"https:\/\/haldenfrikirke.no\/index.php?rest_route=\/wp\/v2\/posts"}],"about":[{"href":"https:\/\/haldenfrikirke.no\/index.php?rest_route=\/wp\/v2\/types\/post"}],"author":[{"embeddable":true,"href":"https:\/\/haldenfrikirke.no\/index.php?rest_route=\/wp\/v2\/users\/1"}],"replies":[{"embeddable":true,"href":"https:\/\/haldenfrikirke.no\/index.php?rest_route=%2Fwp%2Fv2%2Fcomments&post=3546"}],"version-history":[{"count":2,"href":"https:\/\/haldenfrikirke.no\/index.php?rest_route=\/wp\/v2\/posts\/3546\/revisions"}],"predecessor-version":[{"id":3548,"href":"https:\/\/haldenfrikirke.no\/index.php?rest_route=\/wp\/v2\/posts\/3546\/revisions\/3548"}],"wp:attachment":[{"href":"https:\/\/haldenfrikirke.no\/index.php?rest_route=%2Fwp%2Fv2%2Fmedia&parent=3546"}],"wp:term":[{"taxonomy":"category","embeddable":true,"href":"https:\/\/haldenfrikirke.no\/index.php?rest_route=%2Fwp%2Fv2%2Fcategories&post=3546"},{"taxonomy":"post_tag","embeddable":true,"href":"https:\/\/haldenfrikirke.no\/index.php?rest_route=%2Fwp%2Fv2%2Ftags&post=3546"}],"curies":[{"name":"wp","href":"https:\/\/api.w.org\/{rel}","templated":true}]}}