{"id":3566,"date":"2021-07-19T07:09:43","date_gmt":"2021-07-19T07:09:43","guid":{"rendered":"http:\/\/haldenfrikirke.no\/?p=3566"},"modified":"2021-07-19T07:09:43","modified_gmt":"2021-07-19T07:09:43","slug":"menigheten-far-ny-pastor","status":"publish","type":"post","link":"https:\/\/haldenfrikirke.no\/?p=3566","title":{"rendered":"MENIGHETEN F\u00c5R NY PASTOR!"},"content":{"rendered":"\n<p>Det er med stor glede vi n\u00e5 kan presentere menighetens nye pastor, Kjersti Gulli Petersen!<br>Hun er ansatt fra 1.august, og fram til nytt\u00e5r vil det inneb\u00e6re  50% stilling. Dette f\u00f8rste semesteret vil hun v\u00e6re i Halden i partallsuker.<br>Hun vil delta p\u00e5 gudstjenestene 15. august med misjon\u00e6rinnvielse, og 22. august med presentasjon av \u00e5rets nye og store konfirmantkull, p\u00e5 hele 12 konfirmanter.<br>Vi gleder oss til oppstart og videre arbeid og fellesskap framover!<\/p>\n\n\n\n<figure class=\"wp-block-image\"><img src=\"https:\/\/www.morenytt.no\/incoming\/article8204303.ece\/ALTERNATES\/w980-default\/xxxxxfrikyrkjep%C3%A5ske_8461.jpg\" alt=\"xxxxxfrikyrkjep\u00e5ske_8461.jpg (980\u00d7551)\"\/><figcaption>Pastor Kjersti Gulli Petersen<\/figcaption><\/figure>\n","protected":false},"excerpt":{"rendered":"<p>Det er med stor glede vi n\u00e5 kan presentere menighetens nye pastor, Kjersti Gulli Petersen!Hun er ansatt fra 1.august, og fram til nytt\u00e5r vil det inneb\u00e6re 50% stilling. Dette f\u00f8rste &hellip; <a href=\"https:\/\/haldenfrikirke.no\/?p=3566\" class=\"more-link\">Fortsett \u00e5 lese <span class=\"screen-reader-text\">MENIGHETEN F\u00c5R NY PASTOR!<\/span> <span class=\"meta-nav\">&rarr;<\/span><\/a><\/p>\n","protected":false},"author":1,"featured_media":0,"comment_status":"closed","ping_status":"closed","sticky":false,"template":"","format":"standard","meta":[],"categories":[1],"tags":[],"_links":{"self":[{"href":"https:\/\/haldenfrikirke.no\/index.php?rest_route=\/wp\/v2\/posts\/3566"}],"collection":[{"href":"https:\/\/haldenfrikirke.no\/index.php?rest_route=\/wp\/v2\/posts"}],"about":[{"href":"https:\/\/haldenfrikirke.no\/index.php?rest_route=\/wp\/v2\/types\/post"}],"author":[{"embeddable":true,"href":"https:\/\/haldenfrikirke.no\/index.php?rest_route=\/wp\/v2\/users\/1"}],"replies":[{"embeddable":true,"href":"https:\/\/haldenfrikirke.no\/index.php?rest_route=%2Fwp%2Fv2%2Fcomments&post=3566"}],"version-history":[{"count":2,"href":"https:\/\/haldenfrikirke.no\/index.php?rest_route=\/wp\/v2\/posts\/3566\/revisions"}],"predecessor-version":[{"id":3568,"href":"https:\/\/haldenfrikirke.no\/index.php?rest_route=\/wp\/v2\/posts\/3566\/revisions\/3568"}],"wp:attachment":[{"href":"https:\/\/haldenfrikirke.no\/index.php?rest_route=%2Fwp%2Fv2%2Fmedia&parent=3566"}],"wp:term":[{"taxonomy":"category","embeddable":true,"href":"https:\/\/haldenfrikirke.no\/index.php?rest_route=%2Fwp%2Fv2%2Fcategories&post=3566"},{"taxonomy":"post_tag","embeddable":true,"href":"https:\/\/haldenfrikirke.no\/index.php?rest_route=%2Fwp%2Fv2%2Ftags&post=3566"}],"curies":[{"name":"wp","href":"https:\/\/api.w.org\/{rel}","templated":true}]}}