{"id":3570,"date":"2021-08-05T07:31:24","date_gmt":"2021-08-05T07:31:24","guid":{"rendered":"http:\/\/haldenfrikirke.no\/?p=3570"},"modified":"2021-08-11T06:58:27","modified_gmt":"2021-08-11T06:58:27","slug":"gudstjeneste-med-misjonaerinnvielse","status":"publish","type":"post","link":"https:\/\/haldenfrikirke.no\/?p=3570","title":{"rendered":"gudstjeneste med misjon\u00e6rinnvielse!"},"content":{"rendered":"\n<p>S\u00f8ndag 15. august 11.00 blir en stor dag for v\u00e5r menighet. Vi skal f\u00e5 innvie og v\u00e6re sendemenighet for et ungt par som skal ut i misjonens tjeneste!<br>Terje Bj\u00f8rk\u00e5s og Ingjerd Bandak fra Frikirkens misjonsavdeling deltar i gudstjenesten, samt daglig leder ved Frikirkens hovedkontor, Marit Ecklo Breivik.<br>Sang og musikk av Live Kristine Steilbu og Alfred Minge.<\/p>\n\n\n\n<p>Vi lever fortsatt under visse restriksjoner n\u00e5r det gjelder antall som kan samles inne, og registrerer navn og  telefon p\u00e5 alle som kommer, s\u00e5 langt det er plass.<\/p>\n\n\n\n<p>VELKOMMEN!<\/p>\n\n\n\n<figure class=\"wp-block-image is-resized\"><img loading=\"lazy\" src=\"https:\/\/frikirken.no\/site\/frikirken.no\/cache\/images\/_site_frikirken.no_images_terje-b-1x1_w_640_h_640_f_True_fs__a_Center.jpg\" alt=\"terje-b-1x1\" width=\"634\" height=\"634\"\/><\/figure>\n\n\n\n<p>Terje Bj\u00f8rk\u00e5s taler i gudstjenesten 15. august.<\/p>\n","protected":false},"excerpt":{"rendered":"<p>S\u00f8ndag 15. august 11.00 blir en stor dag for v\u00e5r menighet. Vi skal f\u00e5 innvie og v\u00e6re sendemenighet for et ungt par som skal ut i misjonens tjeneste!Terje Bj\u00f8rk\u00e5s og &hellip; <a href=\"https:\/\/haldenfrikirke.no\/?p=3570\" class=\"more-link\">Fortsett \u00e5 lese <span class=\"screen-reader-text\">gudstjeneste med misjon\u00e6rinnvielse!<\/span> <span class=\"meta-nav\">&rarr;<\/span><\/a><\/p>\n","protected":false},"author":1,"featured_media":0,"comment_status":"closed","ping_status":"closed","sticky":false,"template":"","format":"standard","meta":[],"categories":[1],"tags":[],"_links":{"self":[{"href":"https:\/\/haldenfrikirke.no\/index.php?rest_route=\/wp\/v2\/posts\/3570"}],"collection":[{"href":"https:\/\/haldenfrikirke.no\/index.php?rest_route=\/wp\/v2\/posts"}],"about":[{"href":"https:\/\/haldenfrikirke.no\/index.php?rest_route=\/wp\/v2\/types\/post"}],"author":[{"embeddable":true,"href":"https:\/\/haldenfrikirke.no\/index.php?rest_route=\/wp\/v2\/users\/1"}],"replies":[{"embeddable":true,"href":"https:\/\/haldenfrikirke.no\/index.php?rest_route=%2Fwp%2Fv2%2Fcomments&post=3570"}],"version-history":[{"count":6,"href":"https:\/\/haldenfrikirke.no\/index.php?rest_route=\/wp\/v2\/posts\/3570\/revisions"}],"predecessor-version":[{"id":3584,"href":"https:\/\/haldenfrikirke.no\/index.php?rest_route=\/wp\/v2\/posts\/3570\/revisions\/3584"}],"wp:attachment":[{"href":"https:\/\/haldenfrikirke.no\/index.php?rest_route=%2Fwp%2Fv2%2Fmedia&parent=3570"}],"wp:term":[{"taxonomy":"category","embeddable":true,"href":"https:\/\/haldenfrikirke.no\/index.php?rest_route=%2Fwp%2Fv2%2Fcategories&post=3570"},{"taxonomy":"post_tag","embeddable":true,"href":"https:\/\/haldenfrikirke.no\/index.php?rest_route=%2Fwp%2Fv2%2Ftags&post=3570"}],"curies":[{"name":"wp","href":"https:\/\/api.w.org\/{rel}","templated":true}]}}