{"id":3947,"date":"2022-06-07T06:58:47","date_gmt":"2022-06-07T06:58:47","guid":{"rendered":"https:\/\/haldenfrikirke.no\/?p=3947"},"modified":"2022-06-07T06:59:38","modified_gmt":"2022-06-07T06:59:38","slug":"storfamiliegudstjeneste-pa-ytterbol-sondag-12-juni-11-00","status":"publish","type":"post","link":"https:\/\/haldenfrikirke.no\/?p=3947","title":{"rendered":"Storfamiliegudstjeneste p\u00e5 Ytterb\u00f8l s\u00f8ndag 12.juni 11.00"},"content":{"rendered":"\n<p>Helga 10.-12. juni arrangeres det barne- og familieleir p\u00e5 Ytterb\u00f8l senter i Marker. Leiren avsluttes s\u00f8ndag med storfamilie-<br>gudstjeneste med nattverd. Alle er velkommen, enten hele helga <br>eller til \u00e5 ta turen opp til gudstjenesten p\u00e5 s\u00f8ndag.<br>Etter gudstjenesten tennes grillen i tunet, s\u00e5 ta gjerne med litt mat, og noe \u00e5 sitte p\u00e5!<\/p>\n\n\n\n<figure class=\"wp-block-image size-large is-resized\"><a href=\"http:\/\/haldenfrikirke.no\/wp-content\/uploads\/2013\/11\/IMG_2965b.jpg\"><img loading=\"lazy\" src=\"http:\/\/haldenfrikirke.no\/wp-content\/uploads\/2013\/11\/IMG_2965b.jpg\" alt=\"\" class=\"wp-image-293\" width=\"580\" height=\"287\" srcset=\"https:\/\/haldenfrikirke.no\/wp-content\/uploads\/2013\/11\/IMG_2965b.jpg 640w, https:\/\/haldenfrikirke.no\/wp-content\/uploads\/2013\/11\/IMG_2965b-300x149.jpg 300w\" sizes=\"(max-width: 580px) 100vw, 580px\" \/><\/a><\/figure>\n\n\n\n<figure class=\"wp-block-image size-large is-resized\"><a href=\"http:\/\/haldenfrikirke.no\/wp-content\/uploads\/2013\/11\/ytterbol.jpg\"><img loading=\"lazy\" src=\"http:\/\/haldenfrikirke.no\/wp-content\/uploads\/2013\/11\/ytterbol.jpg\" alt=\"\" class=\"wp-image-291\" width=\"489\" height=\"345\" srcset=\"https:\/\/haldenfrikirke.no\/wp-content\/uploads\/2013\/11\/ytterbol.jpg 438w, https:\/\/haldenfrikirke.no\/wp-content\/uploads\/2013\/11\/ytterbol-300x212.jpg 300w\" sizes=\"(max-width: 489px) 100vw, 489px\" \/><\/a><\/figure>\n\n\n\n<p><br><\/p>\n","protected":false},"excerpt":{"rendered":"<p>Helga 10.-12. juni arrangeres det barne- og familieleir p\u00e5 Ytterb\u00f8l senter i Marker. Leiren avsluttes s\u00f8ndag med storfamilie-gudstjeneste med nattverd. Alle er velkommen, enten hele helga eller til \u00e5 ta &hellip; <a href=\"https:\/\/haldenfrikirke.no\/?p=3947\" class=\"more-link\">Fortsett \u00e5 lese <span class=\"screen-reader-text\">Storfamiliegudstjeneste p\u00e5 Ytterb\u00f8l s\u00f8ndag 12.juni 11.00<\/span> <span class=\"meta-nav\">&rarr;<\/span><\/a><\/p>\n","protected":false},"author":1,"featured_media":0,"comment_status":"closed","ping_status":"closed","sticky":false,"template":"","format":"standard","meta":[],"categories":[1],"tags":[],"_links":{"self":[{"href":"https:\/\/haldenfrikirke.no\/index.php?rest_route=\/wp\/v2\/posts\/3947"}],"collection":[{"href":"https:\/\/haldenfrikirke.no\/index.php?rest_route=\/wp\/v2\/posts"}],"about":[{"href":"https:\/\/haldenfrikirke.no\/index.php?rest_route=\/wp\/v2\/types\/post"}],"author":[{"embeddable":true,"href":"https:\/\/haldenfrikirke.no\/index.php?rest_route=\/wp\/v2\/users\/1"}],"replies":[{"embeddable":true,"href":"https:\/\/haldenfrikirke.no\/index.php?rest_route=%2Fwp%2Fv2%2Fcomments&post=3947"}],"version-history":[{"count":5,"href":"https:\/\/haldenfrikirke.no\/index.php?rest_route=\/wp\/v2\/posts\/3947\/revisions"}],"predecessor-version":[{"id":3971,"href":"https:\/\/haldenfrikirke.no\/index.php?rest_route=\/wp\/v2\/posts\/3947\/revisions\/3971"}],"wp:attachment":[{"href":"https:\/\/haldenfrikirke.no\/index.php?rest_route=%2Fwp%2Fv2%2Fmedia&parent=3947"}],"wp:term":[{"taxonomy":"category","embeddable":true,"href":"https:\/\/haldenfrikirke.no\/index.php?rest_route=%2Fwp%2Fv2%2Fcategories&post=3947"},{"taxonomy":"post_tag","embeddable":true,"href":"https:\/\/haldenfrikirke.no\/index.php?rest_route=%2Fwp%2Fv2%2Ftags&post=3947"}],"curies":[{"name":"wp","href":"https:\/\/api.w.org\/{rel}","templated":true}]}}