{"id":4829,"date":"2024-01-16T10:29:36","date_gmt":"2024-01-16T10:29:36","guid":{"rendered":"https:\/\/haldenfrikirke.no\/?p=4829"},"modified":"2024-01-16T10:39:58","modified_gmt":"2024-01-16T10:39:58","slug":"gudstjeneste-sondag-21-januar-11-00","status":"publish","type":"post","link":"https:\/\/haldenfrikirke.no\/?p=4829","title":{"rendered":"GUDSTJENESTE S\u00d8NDAG 21.JANUAR 11.00"},"content":{"rendered":"\n<p>Velkommen til gudstjeneste s\u00f8ndag formiddag.<br>Denne dagen f\u00e5r vi bes\u00f8k fra Stefanusalliansen.<br> Daniel Hop-Hansen vil tale og fortelle litt om arbeidet deres blant mennesker som forf\u00f8lges for sin tro. De sier om seg selv:<br><strong><em>Stefanusalliansen er en misjons- og menneskerettighetsorganisasjon \u2013 med s\u00e6rlig vekt p\u00e5 kampen for trosfrihet. Vi kjemper for alle menneskers frihet til \u00e5 tro eller ikke ha en tro\u00a0og for alles rett\u00a0til \u00e5 skifte tro. Vi st\u00f8tter misjon i land der trosfriheten begrenses og\u00a0styrker undertrykte kristnes rett til \u00e5 leve ut og dele sin tro.<\/em><\/strong><br>Dagens kollekt g\u00e5r til Stefanusalliansen.<br>Etter gudstjenesten er alle velkommen til kirkekaffe!<br><\/p>\n\n\n\n<figure class=\"wp-block-image is-resized\"><img loading=\"lazy\" src=\"https:\/\/d3lwycy8zkggea.cloudfront.net\/media\/rc\/370x230\/1574159667\/daniel-hop-hansen.JPG\" alt=\"Bilde av Daniel Hop-Hansen\" width=\"345\" height=\"215\"\/><\/figure>\n\n\n\n<figure class=\"wp-block-image\"><img src=\"https:\/\/d3lwycy8zkggea.cloudfront.net\/media\/rc\/121x119\/1508747446\/logo.svg\" alt=\"\"\/><\/figure>\n\n\n\n<p><\/p>\n","protected":false},"excerpt":{"rendered":"<p>Velkommen til gudstjeneste s\u00f8ndag formiddag.Denne dagen f\u00e5r vi bes\u00f8k fra Stefanusalliansen. Daniel Hop-Hansen vil tale og fortelle litt om arbeidet deres blant mennesker som forf\u00f8lges for sin tro. De sier &hellip; <a href=\"https:\/\/haldenfrikirke.no\/?p=4829\" class=\"more-link\">Fortsett \u00e5 lese <span class=\"screen-reader-text\">GUDSTJENESTE S\u00d8NDAG 21.JANUAR 11.00<\/span> <span class=\"meta-nav\">&rarr;<\/span><\/a><\/p>\n","protected":false},"author":1,"featured_media":0,"comment_status":"closed","ping_status":"closed","sticky":false,"template":"","format":"standard","meta":[],"categories":[1],"tags":[],"_links":{"self":[{"href":"https:\/\/haldenfrikirke.no\/index.php?rest_route=\/wp\/v2\/posts\/4829"}],"collection":[{"href":"https:\/\/haldenfrikirke.no\/index.php?rest_route=\/wp\/v2\/posts"}],"about":[{"href":"https:\/\/haldenfrikirke.no\/index.php?rest_route=\/wp\/v2\/types\/post"}],"author":[{"embeddable":true,"href":"https:\/\/haldenfrikirke.no\/index.php?rest_route=\/wp\/v2\/users\/1"}],"replies":[{"embeddable":true,"href":"https:\/\/haldenfrikirke.no\/index.php?rest_route=%2Fwp%2Fv2%2Fcomments&post=4829"}],"version-history":[{"count":2,"href":"https:\/\/haldenfrikirke.no\/index.php?rest_route=\/wp\/v2\/posts\/4829\/revisions"}],"predecessor-version":[{"id":4831,"href":"https:\/\/haldenfrikirke.no\/index.php?rest_route=\/wp\/v2\/posts\/4829\/revisions\/4831"}],"wp:attachment":[{"href":"https:\/\/haldenfrikirke.no\/index.php?rest_route=%2Fwp%2Fv2%2Fmedia&parent=4829"}],"wp:term":[{"taxonomy":"category","embeddable":true,"href":"https:\/\/haldenfrikirke.no\/index.php?rest_route=%2Fwp%2Fv2%2Fcategories&post=4829"},{"taxonomy":"post_tag","embeddable":true,"href":"https:\/\/haldenfrikirke.no\/index.php?rest_route=%2Fwp%2Fv2%2Ftags&post=4829"}],"curies":[{"name":"wp","href":"https:\/\/api.w.org\/{rel}","templated":true}]}}