{"id":894,"date":"2016-01-25T20:01:23","date_gmt":"2016-01-25T20:01:23","guid":{"rendered":"http:\/\/haldenfrikirke.no\/?p=894"},"modified":"2016-01-29T10:37:23","modified_gmt":"2016-01-29T10:37:23","slug":"bibeldagen-2016","status":"publish","type":"post","link":"https:\/\/haldenfrikirke.no\/?p=894","title":{"rendered":"Bibeldagen 2016"},"content":{"rendered":"<p><img loading=\"lazy\" class=\"alignleft size-thumbnail wp-image-895\" src=\"http:\/\/haldenfrikirke.no\/wp-content\/uploads\/2016\/01\/Skjermbilde-Bibeldagen-150x150.png\" alt=\"Portrettbilde Broder Mose.foto\" width=\"150\" height=\"150\" \/>\u00c5rets fellesmarkering av Bibeldagen skjer i Baptistmenigheten Elim i Tistedalen s\u00f8ndag 31. januar kl. 11.00. Dagens taler er Broder Mose, tidligere muslim, som siden 80 &#8211; tallet har drevet et omfattende misjonsarbeid i Nord &#8211; Afrika. Kollekten g\u00e5r til Bibelspredning i Ukraina.\u00a0S\u00f8ndagsskole.<\/p>\n<p>P\u00e5 l\u00f8rdag vil Broder Mose holde seminar med tema: Islams r\u00f8tter. For mer informasjon, <a href=\"http:\/\/haldenfrikirke.no\/wp-content\/uploads\/2016\/01\/Islams-R\u00f6tter-Halden-30-01-16.pdf\" target=\"_blank\">klikk her<\/a>.<\/p>\n","protected":false},"excerpt":{"rendered":"<p>\u00c5rets fellesmarkering av Bibeldagen skjer i Baptistmenigheten Elim i Tistedalen s\u00f8ndag 31. januar kl. 11.00. Dagens taler er Broder Mose, tidligere muslim, som siden 80 &#8211; tallet har drevet et &hellip; <a href=\"https:\/\/haldenfrikirke.no\/?p=894\" class=\"more-link\">Fortsett \u00e5 lese <span class=\"screen-reader-text\">Bibeldagen 2016<\/span> <span class=\"meta-nav\">&rarr;<\/span><\/a><\/p>\n","protected":false},"author":1,"featured_media":0,"comment_status":"closed","ping_status":"closed","sticky":false,"template":"","format":"standard","meta":[],"categories":[1],"tags":[],"_links":{"self":[{"href":"https:\/\/haldenfrikirke.no\/index.php?rest_route=\/wp\/v2\/posts\/894"}],"collection":[{"href":"https:\/\/haldenfrikirke.no\/index.php?rest_route=\/wp\/v2\/posts"}],"about":[{"href":"https:\/\/haldenfrikirke.no\/index.php?rest_route=\/wp\/v2\/types\/post"}],"author":[{"embeddable":true,"href":"https:\/\/haldenfrikirke.no\/index.php?rest_route=\/wp\/v2\/users\/1"}],"replies":[{"embeddable":true,"href":"https:\/\/haldenfrikirke.no\/index.php?rest_route=%2Fwp%2Fv2%2Fcomments&post=894"}],"version-history":[{"count":8,"href":"https:\/\/haldenfrikirke.no\/index.php?rest_route=\/wp\/v2\/posts\/894\/revisions"}],"predecessor-version":[{"id":907,"href":"https:\/\/haldenfrikirke.no\/index.php?rest_route=\/wp\/v2\/posts\/894\/revisions\/907"}],"wp:attachment":[{"href":"https:\/\/haldenfrikirke.no\/index.php?rest_route=%2Fwp%2Fv2%2Fmedia&parent=894"}],"wp:term":[{"taxonomy":"category","embeddable":true,"href":"https:\/\/haldenfrikirke.no\/index.php?rest_route=%2Fwp%2Fv2%2Fcategories&post=894"},{"taxonomy":"post_tag","embeddable":true,"href":"https:\/\/haldenfrikirke.no\/index.php?rest_route=%2Fwp%2Fv2%2Ftags&post=894"}],"curies":[{"name":"wp","href":"https:\/\/api.w.org\/{rel}","templated":true}]}}