{"id":945,"date":"2016-03-10T08:20:58","date_gmt":"2016-03-10T08:20:58","guid":{"rendered":"http:\/\/haldenfrikirke.no\/?p=945"},"modified":"2016-03-10T08:20:58","modified_gmt":"2016-03-10T08:20:58","slug":"menighetens-arsfest-sondag-13-mars-kl-17-00","status":"publish","type":"post","link":"https:\/\/haldenfrikirke.no\/?p=945","title":{"rendered":"MENIGHETENS \u00c5RSFEST S\u00d8NDAG 13. MARS KL.17.00"},"content":{"rendered":"<p>S\u00f8ndag 13. mars kl.17.00 er det klart for menighetens tradisjonelle \u00e5rsfest for hele familien. Pastor Steilbu holder andakt, og Halden Soul Children bidrar med sang. Det blir servering av kaffe og kaker. Alle er hjertelig velkommen!<\/p>\n<figure id=\"attachment_683\" aria-describedby=\"caption-attachment-683\" style=\"width: 150px\" class=\"wp-caption alignleft\"><img loading=\"lazy\" class=\"size-thumbnail wp-image-683\" src=\"http:\/\/haldenfrikirke.no\/wp-content\/uploads\/2013\/11\/Halden-Soul-Children-1b-150x150.jpg\" alt=\"Halden Soul Children p\u00e5 scene. Foto.\" width=\"150\" height=\"150\" \/><figcaption id=\"caption-attachment-683\" class=\"wp-caption-text\">Halden Soul Children synger p\u00e5 s\u00f8ndagens \u00e5rsfest.<\/figcaption><\/figure>\n","protected":false},"excerpt":{"rendered":"<p>S\u00f8ndag 13. mars kl.17.00 er det klart for menighetens tradisjonelle \u00e5rsfest for hele familien. Pastor Steilbu holder andakt, og Halden Soul Children bidrar med sang. Det blir servering av kaffe &hellip; <a href=\"https:\/\/haldenfrikirke.no\/?p=945\" class=\"more-link\">Fortsett \u00e5 lese <span class=\"screen-reader-text\">MENIGHETENS \u00c5RSFEST S\u00d8NDAG 13. MARS KL.17.00<\/span> <span class=\"meta-nav\">&rarr;<\/span><\/a><\/p>\n","protected":false},"author":1,"featured_media":0,"comment_status":"closed","ping_status":"closed","sticky":false,"template":"","format":"standard","meta":[],"categories":[1],"tags":[],"_links":{"self":[{"href":"https:\/\/haldenfrikirke.no\/index.php?rest_route=\/wp\/v2\/posts\/945"}],"collection":[{"href":"https:\/\/haldenfrikirke.no\/index.php?rest_route=\/wp\/v2\/posts"}],"about":[{"href":"https:\/\/haldenfrikirke.no\/index.php?rest_route=\/wp\/v2\/types\/post"}],"author":[{"embeddable":true,"href":"https:\/\/haldenfrikirke.no\/index.php?rest_route=\/wp\/v2\/users\/1"}],"replies":[{"embeddable":true,"href":"https:\/\/haldenfrikirke.no\/index.php?rest_route=%2Fwp%2Fv2%2Fcomments&post=945"}],"version-history":[{"count":3,"href":"https:\/\/haldenfrikirke.no\/index.php?rest_route=\/wp\/v2\/posts\/945\/revisions"}],"predecessor-version":[{"id":948,"href":"https:\/\/haldenfrikirke.no\/index.php?rest_route=\/wp\/v2\/posts\/945\/revisions\/948"}],"wp:attachment":[{"href":"https:\/\/haldenfrikirke.no\/index.php?rest_route=%2Fwp%2Fv2%2Fmedia&parent=945"}],"wp:term":[{"taxonomy":"category","embeddable":true,"href":"https:\/\/haldenfrikirke.no\/index.php?rest_route=%2Fwp%2Fv2%2Fcategories&post=945"},{"taxonomy":"post_tag","embeddable":true,"href":"https:\/\/haldenfrikirke.no\/index.php?rest_route=%2Fwp%2Fv2%2Ftags&post=945"}],"curies":[{"name":"wp","href":"https:\/\/api.w.org\/{rel}","templated":true}]}}