{"id":959,"date":"2016-03-21T10:28:28","date_gmt":"2016-03-21T10:28:28","guid":{"rendered":"http:\/\/haldenfrikirke.no\/?p=959"},"modified":"2016-03-21T10:28:28","modified_gmt":"2016-03-21T10:28:28","slug":"paskens-gudstjenester","status":"publish","type":"post","link":"https:\/\/haldenfrikirke.no\/?p=959","title":{"rendered":"P\u00c5SKENS GUDSTJENESTER"},"content":{"rendered":"<p>Skj\u00e6rtorsdag kl. 18 er du velkommen<br \/>\ntil nattverdgudstjeneste.<br \/>\nDagfinn St\u00e6rk taler.<\/p>\n<p>Langfredag g\u00e5r byens menigheter<br \/>\nsammen om gudstjenesten<br \/>\ni Immanuelskirken kl. 11.00.<br \/>\nThomas Andersen fra Frelsesarmeeen taler,<br \/>\nog det blir sang av Hanna Iversen.<\/p>\n<p>P\u00e5skedag inviterer vi til H\u00f8ytidsgudstjeneste<br \/>\nfor hele familien kl. 11.00. Dagfinn St\u00e6rk taler,<br \/>\nog Solveig Iversen synger.<br \/>\nAlle er hjertelig velkommen!<\/p>\n","protected":false},"excerpt":{"rendered":"<p>Skj\u00e6rtorsdag kl. 18 er du velkommen til nattverdgudstjeneste. Dagfinn St\u00e6rk taler. Langfredag g\u00e5r byens menigheter sammen om gudstjenesten i Immanuelskirken kl. 11.00. Thomas Andersen fra Frelsesarmeeen taler, og det blir &hellip; <a href=\"https:\/\/haldenfrikirke.no\/?p=959\" class=\"more-link\">Fortsett \u00e5 lese <span class=\"screen-reader-text\">P\u00c5SKENS GUDSTJENESTER<\/span> <span class=\"meta-nav\">&rarr;<\/span><\/a><\/p>\n","protected":false},"author":1,"featured_media":0,"comment_status":"closed","ping_status":"closed","sticky":false,"template":"","format":"standard","meta":[],"categories":[1],"tags":[],"_links":{"self":[{"href":"https:\/\/haldenfrikirke.no\/index.php?rest_route=\/wp\/v2\/posts\/959"}],"collection":[{"href":"https:\/\/haldenfrikirke.no\/index.php?rest_route=\/wp\/v2\/posts"}],"about":[{"href":"https:\/\/haldenfrikirke.no\/index.php?rest_route=\/wp\/v2\/types\/post"}],"author":[{"embeddable":true,"href":"https:\/\/haldenfrikirke.no\/index.php?rest_route=\/wp\/v2\/users\/1"}],"replies":[{"embeddable":true,"href":"https:\/\/haldenfrikirke.no\/index.php?rest_route=%2Fwp%2Fv2%2Fcomments&post=959"}],"version-history":[{"count":7,"href":"https:\/\/haldenfrikirke.no\/index.php?rest_route=\/wp\/v2\/posts\/959\/revisions"}],"predecessor-version":[{"id":966,"href":"https:\/\/haldenfrikirke.no\/index.php?rest_route=\/wp\/v2\/posts\/959\/revisions\/966"}],"wp:attachment":[{"href":"https:\/\/haldenfrikirke.no\/index.php?rest_route=%2Fwp%2Fv2%2Fmedia&parent=959"}],"wp:term":[{"taxonomy":"category","embeddable":true,"href":"https:\/\/haldenfrikirke.no\/index.php?rest_route=%2Fwp%2Fv2%2Fcategories&post=959"},{"taxonomy":"post_tag","embeddable":true,"href":"https:\/\/haldenfrikirke.no\/index.php?rest_route=%2Fwp%2Fv2%2Ftags&post=959"}],"curies":[{"name":"wp","href":"https:\/\/api.w.org\/{rel}","templated":true}]}}