{"id":968,"date":"2016-03-30T10:42:48","date_gmt":"2016-03-30T10:42:48","guid":{"rendered":"http:\/\/haldenfrikirke.no\/?p=968"},"modified":"2016-03-30T10:42:48","modified_gmt":"2016-03-30T10:42:48","slug":"konsert-med-arredondo-og-sodal","status":"publish","type":"post","link":"https:\/\/haldenfrikirke.no\/?p=968","title":{"rendered":"Konsert med Arredondo og S\u00f8dal"},"content":{"rendered":"<p><img loading=\"lazy\" class=\"alignleft  wp-image-969\" src=\"http:\/\/haldenfrikirke.no\/wp-content\/uploads\/2016\/03\/Arredondo-S\u00f8dal-150x150.jpg\" alt=\"Arredondo S\u00f8dal\" width=\"165\" height=\"165\" \/>Torsdag 31. mars kl. 19.00 sl\u00e5r menigheten p\u00e5 stortromma og inviterer til konsert med Maria Arredondo og Torstein S\u00f8dal.<\/p>\n<p>Det blir ogs\u00e5 med sangere fra Halden Frikirke under ledelse av Henrik Falch.<\/p>\n<p>Billetter kan kj\u00f8pes p\u00e5 billettservice.no eller i d\u00f8ra<\/p>\n","protected":false},"excerpt":{"rendered":"<p>Torsdag 31. mars kl. 19.00 sl\u00e5r menigheten p\u00e5 stortromma og inviterer til konsert med Maria Arredondo og Torstein S\u00f8dal. Det blir ogs\u00e5 med sangere fra Halden Frikirke under ledelse av &hellip; <a href=\"https:\/\/haldenfrikirke.no\/?p=968\" class=\"more-link\">Fortsett \u00e5 lese <span class=\"screen-reader-text\">Konsert med Arredondo og S\u00f8dal<\/span> <span class=\"meta-nav\">&rarr;<\/span><\/a><\/p>\n","protected":false},"author":1,"featured_media":0,"comment_status":"closed","ping_status":"closed","sticky":false,"template":"","format":"standard","meta":[],"categories":[1],"tags":[],"_links":{"self":[{"href":"https:\/\/haldenfrikirke.no\/index.php?rest_route=\/wp\/v2\/posts\/968"}],"collection":[{"href":"https:\/\/haldenfrikirke.no\/index.php?rest_route=\/wp\/v2\/posts"}],"about":[{"href":"https:\/\/haldenfrikirke.no\/index.php?rest_route=\/wp\/v2\/types\/post"}],"author":[{"embeddable":true,"href":"https:\/\/haldenfrikirke.no\/index.php?rest_route=\/wp\/v2\/users\/1"}],"replies":[{"embeddable":true,"href":"https:\/\/haldenfrikirke.no\/index.php?rest_route=%2Fwp%2Fv2%2Fcomments&post=968"}],"version-history":[{"count":1,"href":"https:\/\/haldenfrikirke.no\/index.php?rest_route=\/wp\/v2\/posts\/968\/revisions"}],"predecessor-version":[{"id":970,"href":"https:\/\/haldenfrikirke.no\/index.php?rest_route=\/wp\/v2\/posts\/968\/revisions\/970"}],"wp:attachment":[{"href":"https:\/\/haldenfrikirke.no\/index.php?rest_route=%2Fwp%2Fv2%2Fmedia&parent=968"}],"wp:term":[{"taxonomy":"category","embeddable":true,"href":"https:\/\/haldenfrikirke.no\/index.php?rest_route=%2Fwp%2Fv2%2Fcategories&post=968"},{"taxonomy":"post_tag","embeddable":true,"href":"https:\/\/haldenfrikirke.no\/index.php?rest_route=%2Fwp%2Fv2%2Ftags&post=968"}],"curies":[{"name":"wp","href":"https:\/\/api.w.org\/{rel}","templated":true}]}}